{"id":33711,"date":"2011-02-23T13:08:02","date_gmt":"2011-02-23T17:08:02","guid":{"rendered":"http:\/\/www.redenoticia.com.br\/noticia\/?p=33711"},"modified":"2011-02-23T13:08:02","modified_gmt":"2011-02-23T17:08:02","slug":"procon-sp-realiza-19%c2%ba-curso-basico-para-fornecedores","status":"publish","type":"post","link":"https:\/\/migracao.redenoticia.com.br\/noticia\/2011\/procon-sp-realiza-19%c2%ba-curso-basico-para-fornecedores\/33711","title":{"rendered":"Procon-SP realiza 19\u00ba curso b\u00e1sico para fornecedores"},"content":{"rendered":"<h2><span style=\"font-size: 13px; font-weight: normal;\">A Funda\u00e7\u00e3o Procon-SP oferece aos fornecedores de  produtos e servi\u00e7os em\u00a0geral e servi\u00e7os de atendimento ao cliente, <\/span><span style=\"font-size: 13px;\"><em>curso sobre  os direitos do\u00a0consumidor<\/em><\/span><span style=\"font-size: 13px; font-weight: normal;\">. O objetivo \u00e9 apresentar ao fornecedor elementos  presentes no\u00a0C\u00f3digo de Defesa do Consumidor, ilustrados com exemplos dos  problemas\u00a0mais frequentes atendidos por esta Funda\u00e7\u00e3o, que contemplam tanto  os\u00a0direitos quanto os deveres de ambas as partes, sempre visando incentivar\u00a0a  cidadania e harmonizar as rela\u00e7\u00f5es de consumo.<\/span><\/h2>\n<p><a href=\"http:\/\/www.saopaulo.sp.gov.br\/usr\/share\/documents\/230.pdf\" target=\"_blank\">Veja aqui<\/a> o conte\u00fado  program\u00e1tico.<\/p>\n<p>Servi\u00e7o<\/p>\n<p>\u2022 Data: 24 de fevereiro (quinta-feira)<br \/>\n\u2022  Hor\u00e1rio: 9h00 \u00e0s 17h00.<br \/>\n\u2022 Local: Audit\u00f3rio da Funda\u00e7\u00e3o Procon\/SP.<br \/>\n\u2022  Endere\u00e7o: Rua Barra Funda, 930, 4\u00ba andar, audit\u00f3rio (sala 407) &#8211; Barra<br \/>\nFunda  &#8211; S\u00e3o Paulo\/SP.<br \/>\n\u2022 Pre\u00e7o: R$ 150,00 (cento e cinquenta reais).<br \/>\n\u2022 Forma de  Pagamento: Somente via Boleto Banc\u00e1rio gerado no momento da<br \/>\ninscri\u00e7\u00e3o pela  internet, em nome da Funda\u00e7\u00e3o de Prote\u00e7\u00e3o e Defesa do<br \/>\nconsumidor &#8211; Procon-SP;  CNPJ: 57.659.583\/0001-84; IE isenta; Banco do<br \/>\nBrasil, n\u00ba 001 &#8211; Ag\u00eancia 1897-x  (Centro); Conta corrente n.\u00ba 139606-4<br \/>\n\u2022 Requisitos para inscri\u00e7\u00e3o:  preenchimento da ficha de reserva, emiss\u00e3o e<br \/>\npagamento do boleto  banc\u00e1rio;<br \/>\n\u2022 Per\u00edodo de pagamento: At\u00e9 22 de fevereiro de 2010;<br \/>\n\u2022  Informa\u00e7\u00f5es: fone: 3824-7081 ou pelo  e-mail<br \/>\ncursos-procon@procon.sp.gov.br<br \/>\n\u2022 Ap\u00f3s adotar os procedimentos  acima, o participante receber\u00e1 mensagem<br \/>\nautom\u00e1tica, via e-mail, informando-o  de que sua inscri\u00e7\u00e3o foi realizada<br \/>\ncom sucesso.<\/p>\n<p>Ser\u00e3o emitidos Certificados de Participa\u00e7\u00e3o pela  Funda\u00e7\u00e3o Procon-SP.<\/p>\n<p>Do Procon-SP<\/p>\n","protected":false},"excerpt":{"rendered":"<p>A Funda\u00e7\u00e3o Procon-SP oferece aos fornecedores de produtos e servi\u00e7os em\u00a0geral e servi\u00e7os de atendimento ao cliente, curso sobre os direitos do\u00a0consumidor. O objetivo \u00e9 apresentar ao fornecedor elementos presentes no\u00a0C\u00f3digo de Defesa do Consumidor, ilustrados com exemplos dos problemas\u00a0mais frequentes atendidos por esta Funda\u00e7\u00e3o, que contemplam tanto os\u00a0direitos quanto os deveres de ambas as [&hellip;]<\/p>\n","protected":false},"author":3,"featured_media":0,"comment_status":"open","ping_status":"open","sticky":false,"template":"","format":"standard","meta":{"tdm_status":"","tdm_grid_status":"","footnotes":""},"categories":[22,351,370],"tags":[],"class_list":{"0":"post-33711","1":"post","2":"type-post","3":"status-publish","4":"format-standard","6":"category-brasil","7":"category-cursos","8":"category-inscricao"},"_links":{"self":[{"href":"https:\/\/migracao.redenoticia.com.br\/noticia\/wp-json\/wp\/v2\/posts\/33711","targetHints":{"allow":["GET"]}}],"collection":[{"href":"https:\/\/migracao.redenoticia.com.br\/noticia\/wp-json\/wp\/v2\/posts"}],"about":[{"href":"https:\/\/migracao.redenoticia.com.br\/noticia\/wp-json\/wp\/v2\/types\/post"}],"author":[{"embeddable":true,"href":"https:\/\/migracao.redenoticia.com.br\/noticia\/wp-json\/wp\/v2\/users\/3"}],"replies":[{"embeddable":true,"href":"https:\/\/migracao.redenoticia.com.br\/noticia\/wp-json\/wp\/v2\/comments?post=33711"}],"version-history":[{"count":0,"href":"https:\/\/migracao.redenoticia.com.br\/noticia\/wp-json\/wp\/v2\/posts\/33711\/revisions"}],"wp:attachment":[{"href":"https:\/\/migracao.redenoticia.com.br\/noticia\/wp-json\/wp\/v2\/media?parent=33711"}],"wp:term":[{"taxonomy":"category","embeddable":true,"href":"https:\/\/migracao.redenoticia.com.br\/noticia\/wp-json\/wp\/v2\/categories?post=33711"},{"taxonomy":"post_tag","embeddable":true,"href":"https:\/\/migracao.redenoticia.com.br\/noticia\/wp-json\/wp\/v2\/tags?post=33711"}],"curies":[{"name":"wp","href":"https:\/\/api.w.org\/{rel}","templated":true}]}}