{"id":33726,"date":"2011-02-24T11:01:10","date_gmt":"2011-02-24T15:01:10","guid":{"rendered":"http:\/\/www.redenoticia.com.br\/noticia\/?p=33726"},"modified":"2011-02-24T11:01:10","modified_gmt":"2011-02-24T15:01:10","slug":"cobertura-contra-aftosa-alcanca-973-em-2010","status":"publish","type":"post","link":"https:\/\/migracao.redenoticia.com.br\/noticia\/2011\/cobertura-contra-aftosa-alcanca-973-em-2010\/33726","title":{"rendered":"Cobertura contra aftosa alcan\u00e7a 97,3% em 2010"},"content":{"rendered":"<p>Em 2010, o \u00edndice de cobertura vacinal de bovinos e b\u00fafalos contra a <strong><em>febre  aftosa <\/em><\/strong>alcan\u00e7ou 97,3%. Os destaques foram os estados de Mato Grosso, com 99,74%,  Tocantins, com 99,52% e Mato Grosso do Sul, com 99,41% dos animais imunizados. O  resultado das duas etapas de vacina\u00e7\u00e3o foi semelhante ao registrado em 2009, com  97,07%. \u201cPara ampliarmos esse n\u00famero, \u00e9 necess\u00e1rio conscientizar ainda mais os  produtores sobre a import\u00e2ncia de vacinar o rebanho. Essa \u00e9 uma quest\u00e3o  estrat\u00e9gica para a manuten\u00e7\u00e3o e abertura de novos mercados e deve envolver o  setor produtivo e os governos estaduais e federal\u201d, declara o secret\u00e1rio de  Defesa Agropecu\u00e1ria, Francisco Jardim.<\/p>\n<p>Segundo o secret\u00e1rio, o Minist\u00e9rio da Agricultura firmou um pacto, na \u00faltima  semana, com os secret\u00e1rios de Agricultura da regi\u00e3o Nordeste, para investir em  iniciativas e ampliar a classifica\u00e7\u00e3o dos estados ainda considerados de risco  m\u00e9dio para a doen\u00e7a. \u201cVamos consolidar, por exemplo, a base de dados do rebanho  desses estados, intensificar as a\u00e7\u00f5es de vigil\u00e2ncia e fiscaliza\u00e7\u00e3o e adequar a  estrutura dos servi\u00e7os veterin\u00e1rios oficiais\u201d, afirma.<\/p>\n<p>As a\u00e7\u00f5es v\u00e3o criar condi\u00e7\u00f5es para o Brasil reconhecer a regi\u00e3o como livre de  febre aftosa com vacina\u00e7\u00e3o, neste ano, e encaminhar o pedido de reconhecimento  para a Organiza\u00e7\u00e3o Mundial de Sa\u00fade Animal (OIE), em 2012.<\/p>\n<p>\u00c1reas livres de aftosa &#8211; Hoje, 15 unidades da federa\u00e7\u00e3o s\u00e3o reconhecidas pela  Organiza\u00e7\u00e3o Mundial de Sa\u00fade Animal como livres de febre aftosa com vacina\u00e7\u00e3o:  Acre, Bahia, Esp\u00edrito Santo, Goi\u00e1s, Mato Grosso, Mato Grosso do Sul, Minas  Gerais, Paran\u00e1, Rio de Janeiro, Rio Grande do Sul, Rond\u00f4nia, S\u00e3o Paulo, Sergipe,  Tocantins e Distrito Federal. Al\u00e9m disso, det\u00eam esse status, a regi\u00e3o Centro-Sul  do Par\u00e1 e os munic\u00edpios de Guajar\u00e1 e Boca do Acre, no Amazonas.<\/p>\n<p>O estado de Santa Catarina \u00e9 reconhecido pela OIE como livre da doen\u00e7a sem  vacina\u00e7\u00e3o. Em risco m\u00e9dio est\u00e3o Alagoas, Cear\u00e1, Maranh\u00e3o, Pernambuco, Para\u00edba,  Rio Grande do Norte, Piau\u00ed e a regi\u00e3o Centro-Norte do Par\u00e1. Em alto risco  encontram-se Roraima, Amap\u00e1 e as demais \u00e1reas do estado do Amazonas.<\/p>\n","protected":false},"excerpt":{"rendered":"<p>Em 2010, o \u00edndice de cobertura vacinal de bovinos e b\u00fafalos contra a febre aftosa alcan\u00e7ou 97,3%. Os destaques foram os estados de Mato Grosso, com 99,74%, Tocantins, com 99,52% e Mato Grosso do Sul, com 99,41% dos animais imunizados. O resultado das duas etapas de vacina\u00e7\u00e3o foi semelhante ao registrado em 2009, com 97,07%. [&hellip;]<\/p>\n","protected":false},"author":3,"featured_media":0,"comment_status":"open","ping_status":"open","sticky":false,"template":"","format":"standard","meta":{"tdm_status":"","tdm_grid_status":"","footnotes":""},"categories":[22,7],"tags":[],"class_list":{"0":"post-33726","1":"post","2":"type-post","3":"status-publish","4":"format-standard","6":"category-brasil","7":"category-economia"},"_links":{"self":[{"href":"https:\/\/migracao.redenoticia.com.br\/noticia\/wp-json\/wp\/v2\/posts\/33726","targetHints":{"allow":["GET"]}}],"collection":[{"href":"https:\/\/migracao.redenoticia.com.br\/noticia\/wp-json\/wp\/v2\/posts"}],"about":[{"href":"https:\/\/migracao.redenoticia.com.br\/noticia\/wp-json\/wp\/v2\/types\/post"}],"author":[{"embeddable":true,"href":"https:\/\/migracao.redenoticia.com.br\/noticia\/wp-json\/wp\/v2\/users\/3"}],"replies":[{"embeddable":true,"href":"https:\/\/migracao.redenoticia.com.br\/noticia\/wp-json\/wp\/v2\/comments?post=33726"}],"version-history":[{"count":0,"href":"https:\/\/migracao.redenoticia.com.br\/noticia\/wp-json\/wp\/v2\/posts\/33726\/revisions"}],"wp:attachment":[{"href":"https:\/\/migracao.redenoticia.com.br\/noticia\/wp-json\/wp\/v2\/media?parent=33726"}],"wp:term":[{"taxonomy":"category","embeddable":true,"href":"https:\/\/migracao.redenoticia.com.br\/noticia\/wp-json\/wp\/v2\/categories?post=33726"},{"taxonomy":"post_tag","embeddable":true,"href":"https:\/\/migracao.redenoticia.com.br\/noticia\/wp-json\/wp\/v2\/tags?post=33726"}],"curies":[{"name":"wp","href":"https:\/\/api.w.org\/{rel}","templated":true}]}}