{"id":33732,"date":"2011-02-24T22:53:32","date_gmt":"2011-02-25T02:53:32","guid":{"rendered":"http:\/\/www.redenoticia.com.br\/noticia\/?p=33732"},"modified":"2018-08-13T10:33:32","modified_gmt":"2018-08-13T13:33:32","slug":"bbb-11-diana-deu-lideranca-e-premio-para-daniel","status":"publish","type":"post","link":"https:\/\/migracao.redenoticia.com.br\/noticia\/2011\/bbb-11-diana-deu-lideranca-e-premio-para-daniel\/33732","title":{"rendered":"BBB 11: Diana deu lideran\u00e7a e pr\u00eamio para Daniel"},"content":{"rendered":"<p><strong><em><img loading=\"lazy\" decoding=\"async\" class=\"alignleft size-full wp-image-22134\" title=\"BBB 11 Rede Globo\" src=\"https:\/\/migracao.redenoticia.com.br\/noticia\/imagens\/BBB-10-Rede-Globo.jpg\" alt=\"\" width=\"300\" height=\"193\" srcset=\"https:\/\/migracao.redenoticia.com.br\/noticia\/imagens\/BBB-10-Rede-Globo.jpg 300w, https:\/\/migracao.redenoticia.com.br\/noticia\/imagens\/BBB-10-Rede-Globo-250x161.jpg 250w, https:\/\/migracao.redenoticia.com.br\/noticia\/imagens\/BBB-10-Rede-Globo-150x97.jpg 150w\" sizes=\"auto, (max-width: 300px) 100vw, 300px\" \/>BBB 11<\/em><\/strong> &#8211; na noite desta quinta-feira (24\/02) os confinados do BBB 11 disputaram mais uma <strong><em>prova pela lideran\u00e7a<\/em><\/strong>, no programa ao vivo produzido pela Rede Globo. \u00a0Eles tiveram que vestir uma camiseta com a ordem da participa\u00e7\u00e3o em um jogo com dado. Conforme a ordem definida pelos brothers, eles jogavam o dado e avan\u00e7avam por uma trilha com outras orienta\u00e7\u00f5es de recuo, avan\u00e7o e elimina\u00e7\u00e3o. A ordem foi Talula, Paula, Wesley, Maria, <strong><em>Diana<\/em><\/strong>, Maur\u00edcio, Rodrig\u00e3o, Diogo, <strong><em>Daniel<\/em><\/strong> e Jaqueline.<\/p>\n<p>Paula e Maria foram eliminadas. Rodrig\u00e3o ficou sem jogar uma rodada. Talula, Daniel e Diana tomaram a dianteira. No final Diana sorteou uma carta com a qual escolheu Daniel para avan\u00e7ar tr\u00eas casas e ganhar a lideran\u00e7a. Daniel tambem ganhou uma moto como pr\u00eamio.<\/p>\n<p>Depois de festejar Daniel lamenta que n\u00e3o participar\u00e1 da prova do anjo, e comenta com Diana que se Paula for para o pared\u00e3o Janaina ter\u00e1 mais chance de ficar no BBB 11. Janaina complementa que Diana precisa ser imunizada, sen\u00e3o tamb\u00e9m estar\u00e1 no pared\u00e3o.<\/p>\n<p>BBB 11 &#8211; Lideran\u00e7a de Daniel<\/p>\n","protected":false},"excerpt":{"rendered":"<p>BBB 11 &#8211; na noite desta quinta-feira (24\/02) os confinados do BBB 11 disputaram mais uma prova pela lideran\u00e7a, no programa ao vivo produzido pela Rede Globo. \u00a0Eles tiveram que vestir uma camiseta com a ordem da participa\u00e7\u00e3o em um jogo com dado. Conforme a ordem definida pelos brothers, eles jogavam o dado e avan\u00e7avam [&hellip;]<\/p>\n","protected":false},"author":3,"featured_media":22134,"comment_status":"open","ping_status":"open","sticky":false,"template":"","format":"standard","meta":{"tdm_status":"","tdm_grid_status":"","footnotes":""},"categories":[520,22,375,343],"tags":[],"class_list":{"0":"post-33732","1":"post","2":"type-post","3":"status-publish","4":"format-standard","5":"has-post-thumbnail","7":"category-big-brother-brasil","8":"category-brasil","9":"category-rede-globo","10":"category-televisao"},"_links":{"self":[{"href":"https:\/\/migracao.redenoticia.com.br\/noticia\/wp-json\/wp\/v2\/posts\/33732","targetHints":{"allow":["GET"]}}],"collection":[{"href":"https:\/\/migracao.redenoticia.com.br\/noticia\/wp-json\/wp\/v2\/posts"}],"about":[{"href":"https:\/\/migracao.redenoticia.com.br\/noticia\/wp-json\/wp\/v2\/types\/post"}],"author":[{"embeddable":true,"href":"https:\/\/migracao.redenoticia.com.br\/noticia\/wp-json\/wp\/v2\/users\/3"}],"replies":[{"embeddable":true,"href":"https:\/\/migracao.redenoticia.com.br\/noticia\/wp-json\/wp\/v2\/comments?post=33732"}],"version-history":[{"count":0,"href":"https:\/\/migracao.redenoticia.com.br\/noticia\/wp-json\/wp\/v2\/posts\/33732\/revisions"}],"wp:featuredmedia":[{"embeddable":true,"href":"https:\/\/migracao.redenoticia.com.br\/noticia\/wp-json\/wp\/v2\/media\/22134"}],"wp:attachment":[{"href":"https:\/\/migracao.redenoticia.com.br\/noticia\/wp-json\/wp\/v2\/media?parent=33732"}],"wp:term":[{"taxonomy":"category","embeddable":true,"href":"https:\/\/migracao.redenoticia.com.br\/noticia\/wp-json\/wp\/v2\/categories?post=33732"},{"taxonomy":"post_tag","embeddable":true,"href":"https:\/\/migracao.redenoticia.com.br\/noticia\/wp-json\/wp\/v2\/tags?post=33732"}],"curies":[{"name":"wp","href":"https:\/\/api.w.org\/{rel}","templated":true}]}}