{"id":33733,"date":"2011-02-25T08:11:32","date_gmt":"2011-02-25T12:11:32","guid":{"rendered":"http:\/\/www.redenoticia.com.br\/noticia\/?p=33733"},"modified":"2011-02-25T08:15:56","modified_gmt":"2011-02-25T12:15:56","slug":"xxv-encontro-de-angiologia-e-de-cirurgia-vascular-do-rio-de-janeiro","status":"publish","type":"post","link":"https:\/\/migracao.redenoticia.com.br\/noticia\/2011\/xxv-encontro-de-angiologia-e-de-cirurgia-vascular-do-rio-de-janeiro\/33733","title":{"rendered":"XXV Encontro de Angiologia e de Cirurgia Vascular do Rio de Janeiro"},"content":{"rendered":"<p>Est\u00e3o abertas as inscri\u00e7\u00f5es para o XXV Encontro de Angiologia e de Cirurgia Vascular do Rio de Janeiro. O evento celebra bodas de prata entre os dias 6 e 9 de abril de 2011, no Windsor Barra &#8211; Hotel e Congresso, na Barra da Tijuca, Rio de Janeiro. Ser\u00e3o abordados e atualizados temas discutidos na \u00faltima edi\u00e7\u00e3o do encontro. Al\u00e9m disso, haver\u00e1 pela primeira vez um Joint Meeting com o CELA. 2011 \u2013 Congresso Latino Americano de Cirurgia Endovascular.<br \/>\nEspecialistas nacionais e convidados internacionais, como \u00e9 o caso dos m\u00e9dicos Cristian Bianchi, Franc Criado e  Gustavo Oderich \u2013 dos Estados Unidos; Gaudencio Spinosa e Vicente Riambau \u2013 da Espanha e Luis Bechara, Mariano Ferreira e Marcelo Cerezo \u2013 da Argentina, estar\u00e3o reunidos no congresso. Organizado e coordenado pela Sociedade Brasileira de Angiologia e de Cirurgia Vascular do Rio de Janeiro (SBACV-RJ), o encontro ser\u00e1 presidido por Manuel Julio Cota. Mais informa\u00e7\u00f5es podem ser obtidas pelo telefone (21) 2533-7905 e pelo site http:\/\/<a href=\"http:\/\/encontro.sbacvrj.com.br\" target=\"_blank\">encontro.sbacvrj.com.br<\/a>.<\/p>\n<p>Servi\u00e7o:<br \/>\nData: 6 \u2013 9 de abril de 2011<br \/>\nLocal: Windsor Barra \u2013 Hotel &amp; Congresso (Av. Sernambetiba, 2630 &#8211; Barra da Tijuca &#8211; Rio de Janeiro)<br \/>\nInscri\u00e7\u00f5es online (pr\u00e9-inscri\u00e7\u00f5es podem ser feitas at\u00e9 20 de mar\u00e7o. As inscri\u00e7\u00f5es tamb\u00e9m poder\u00e3o ser feitas no local)<br \/>\nContatos:<br \/>\nNeide Miranda \u2013 (21) 7707-3090   ID 124*67443<br \/>\n(21) 2533-7905 \/ 2240-4880<br \/>\ne-mail:eventos@sbacvrj.com.br<br \/>\n<a href=\"http:\/\/encontro.sbacvrj.com.br\" target=\"_blank\"> http:\/\/encontro.sbacvrj.com.br<\/a><\/p>\n","protected":false},"excerpt":{"rendered":"<p>Est\u00e3o abertas as inscri\u00e7\u00f5es para o XXV Encontro de Angiologia e de Cirurgia Vascular do Rio de Janeiro. O evento celebra bodas de prata entre os dias 6 e 9 de abril de 2011, no Windsor Barra &#8211; Hotel e Congresso, na Barra da Tijuca, Rio de Janeiro. Ser\u00e3o abordados e atualizados temas discutidos na [&hellip;]<\/p>\n","protected":false},"author":2,"featured_media":0,"comment_status":"open","ping_status":"open","sticky":false,"template":"","format":"standard","meta":{"tdm_status":"","tdm_grid_status":"","footnotes":""},"categories":[370,353,5],"tags":[],"class_list":{"0":"post-33733","1":"post","2":"type-post","3":"status-publish","4":"format-standard","6":"category-inscricao","7":"category-oportunidades","8":"category-saude-e-vida"},"_links":{"self":[{"href":"https:\/\/migracao.redenoticia.com.br\/noticia\/wp-json\/wp\/v2\/posts\/33733","targetHints":{"allow":["GET"]}}],"collection":[{"href":"https:\/\/migracao.redenoticia.com.br\/noticia\/wp-json\/wp\/v2\/posts"}],"about":[{"href":"https:\/\/migracao.redenoticia.com.br\/noticia\/wp-json\/wp\/v2\/types\/post"}],"author":[{"embeddable":true,"href":"https:\/\/migracao.redenoticia.com.br\/noticia\/wp-json\/wp\/v2\/users\/2"}],"replies":[{"embeddable":true,"href":"https:\/\/migracao.redenoticia.com.br\/noticia\/wp-json\/wp\/v2\/comments?post=33733"}],"version-history":[{"count":0,"href":"https:\/\/migracao.redenoticia.com.br\/noticia\/wp-json\/wp\/v2\/posts\/33733\/revisions"}],"wp:attachment":[{"href":"https:\/\/migracao.redenoticia.com.br\/noticia\/wp-json\/wp\/v2\/media?parent=33733"}],"wp:term":[{"taxonomy":"category","embeddable":true,"href":"https:\/\/migracao.redenoticia.com.br\/noticia\/wp-json\/wp\/v2\/categories?post=33733"},{"taxonomy":"post_tag","embeddable":true,"href":"https:\/\/migracao.redenoticia.com.br\/noticia\/wp-json\/wp\/v2\/tags?post=33733"}],"curies":[{"name":"wp","href":"https:\/\/api.w.org\/{rel}","templated":true}]}}