{"id":3374,"date":"2009-06-21T16:57:28","date_gmt":"2009-06-21T20:57:28","guid":{"rendered":"http:\/\/www.redenoticia.com.br\/noticia\/?p=3374"},"modified":"2009-06-21T16:57:28","modified_gmt":"2009-06-21T20:57:28","slug":"assis-canuto-saira-mais-uma-vez-a-frente-da-cavalgada-da-expojipa-em-ji-parana","status":"publish","type":"post","link":"https:\/\/migracao.redenoticia.com.br\/noticia\/2009\/assis-canuto-saira-mais-uma-vez-a-frente-da-cavalgada-da-expojipa-em-ji-parana\/3374","title":{"rendered":"Assis Canuto sair\u00e1 mais uma vez \u00e0 frente da cavalgada da Expojipa em Ji-Paran\u00e1"},"content":{"rendered":"<p><a href=\"https:\/\/migracao.redenoticia.com.br\/noticia\/imagens\/\/cavalgada1.jpg\"><img loading=\"lazy\" decoding=\"async\" class=\"alignleft size-medium wp-image-3375\" title=\"cavalgada\" src=\"https:\/\/migracao.redenoticia.com.br\/noticia\/imagens\/\/cavalgada1-249x187.jpg\" alt=\"cavalgada\" width=\"249\" height=\"187\" \/><\/a>Assis Canuto, pioneiro de Rond\u00f4nia e atual Secret\u00e1rio de Obras de Ji-Paran\u00e1, orgulha-se de ter participado de todas as cavalgadas de abertura da EXPOJIPA e j\u00e1 confirmou a participa\u00e7\u00e3o na 30\u00aa edi\u00e7\u00e3o do evento, no pr\u00f3ximo dia 4 de Julho.<\/p>\n<p>Nos \u00faltimos 29 anos esteve sempre presente como cavaleiro, em todo o percurso que atravessa a cidade e \u00e9 seguida por motos, carros, charretes e trios el\u00e9tricos.<\/p>\n<p>A cavalgada da EXPOJIPA, classificada como a maior de Rond\u00f4nia, no \u00faltimo ano foi seguida por aproximadamente 25 mil pessoas. Este ano a comiss\u00e3o organizadora prev\u00ea um aumento neste n\u00famero.<\/p>\n<p>Para acompanhar a cavalgada algumas regras devem ser observadas:<\/p>\n<p>&#8211; Cavaleiros, carro\u00e7as, e cidad\u00e3os que v\u00e3o participar do desfile a p\u00e9, sair\u00e3o do 2\u00b0 Distrito. Os cavalos e carro\u00e7as ficar\u00e3o concentrados nas imedia\u00e7\u00f5es do Posto Vit\u00f3ria e as pessoas a p\u00e9 no trevo da Vila Jot\u00e3o. Os trios el\u00e9tricos e carros de som, tamb\u00e9m sa\u00edram do 2\u00b0 Distrito.<\/p>\n<p>&#8211; Motocicletas, carros pequenos, camionetes e caminh\u00f5es, sa\u00edram do 1\u00b0 Distrito, como nos anos anteriores;<\/p>\n<p>&#8211; No dia do desfile, a partir das 8 horas, a Pol\u00edcia Rodovi\u00e1ria Federal, estar\u00e1 orientando os motoristas na BR-364 a utilizarem o anel vi\u00e1rio, desviando do intenso tr\u00e1fego de Ji-Paran\u00e1;<\/p>\n<p>&#8211; O desfile ser\u00e1 iniciado \u00e0s 9h30;<\/p>\n<p>&#8211; Ap\u00f3s o in\u00edcio do desfile, ser\u00e1 coibida a passagem de cavaleiros pela ponte do Rio Machado;<\/p>\n<p>&#8211; Os ve\u00edculos posicionados no 1\u00b0 Distrito sair\u00e3o para a BR-364 pela Avenida Vilagran Cabrita.<\/p>\n","protected":false},"excerpt":{"rendered":"<p>Assis Canuto, pioneiro de Rond\u00f4nia e atual Secret\u00e1rio de Obras de Ji-Paran\u00e1, orgulha-se de ter participado de todas as cavalgadas de abertura da EXPOJIPA e j\u00e1 confirmou a participa\u00e7\u00e3o na 30\u00aa edi\u00e7\u00e3o do evento, no pr\u00f3ximo dia 4 de Julho. Nos \u00faltimos 29 anos esteve sempre presente como cavaleiro, em todo o percurso que atravessa [&hellip;]<\/p>\n","protected":false},"author":3,"featured_media":0,"comment_status":"open","ping_status":"open","sticky":false,"template":"","format":"standard","meta":{"tdm_status":"","tdm_grid_status":"","footnotes":""},"categories":[22],"tags":[],"class_list":{"0":"post-3374","1":"post","2":"type-post","3":"status-publish","4":"format-standard","6":"category-brasil"},"_links":{"self":[{"href":"https:\/\/migracao.redenoticia.com.br\/noticia\/wp-json\/wp\/v2\/posts\/3374","targetHints":{"allow":["GET"]}}],"collection":[{"href":"https:\/\/migracao.redenoticia.com.br\/noticia\/wp-json\/wp\/v2\/posts"}],"about":[{"href":"https:\/\/migracao.redenoticia.com.br\/noticia\/wp-json\/wp\/v2\/types\/post"}],"author":[{"embeddable":true,"href":"https:\/\/migracao.redenoticia.com.br\/noticia\/wp-json\/wp\/v2\/users\/3"}],"replies":[{"embeddable":true,"href":"https:\/\/migracao.redenoticia.com.br\/noticia\/wp-json\/wp\/v2\/comments?post=3374"}],"version-history":[{"count":0,"href":"https:\/\/migracao.redenoticia.com.br\/noticia\/wp-json\/wp\/v2\/posts\/3374\/revisions"}],"wp:attachment":[{"href":"https:\/\/migracao.redenoticia.com.br\/noticia\/wp-json\/wp\/v2\/media?parent=3374"}],"wp:term":[{"taxonomy":"category","embeddable":true,"href":"https:\/\/migracao.redenoticia.com.br\/noticia\/wp-json\/wp\/v2\/categories?post=3374"},{"taxonomy":"post_tag","embeddable":true,"href":"https:\/\/migracao.redenoticia.com.br\/noticia\/wp-json\/wp\/v2\/tags?post=3374"}],"curies":[{"name":"wp","href":"https:\/\/api.w.org\/{rel}","templated":true}]}}