{"id":33776,"date":"2011-02-28T13:11:31","date_gmt":"2011-02-28T17:11:31","guid":{"rendered":"http:\/\/www.redenoticia.com.br\/noticia\/?p=33776"},"modified":"2011-02-28T13:11:31","modified_gmt":"2011-02-28T17:11:31","slug":"desaceleracao-economica-nao-altera-otimismo-dos-brasileiros","status":"publish","type":"post","link":"https:\/\/migracao.redenoticia.com.br\/noticia\/2011\/desaceleracao-economica-nao-altera-otimismo-dos-brasileiros\/33776","title":{"rendered":"Desacelera\u00e7\u00e3o econ\u00f4mica n\u00e3o altera otimismo dos brasileiros"},"content":{"rendered":"<p>A <em><strong>desacelera\u00e7\u00e3o na atividade econ\u00f4mica<\/strong><\/em>, verificada desde fins de 2010 na  ind\u00fastria e no in\u00edcio do ano na constru\u00e7\u00e3o civil, n\u00e3o alterou o otimismo dos  brasileiros, que se manteve praticamente est\u00e1vel em fevereiro em compara\u00e7\u00e3o a  janeiro. O \u00cdndice Nacional de Expectativa do Consumidor (INEC), divulgado nesta  segunda-feira, 28 de fevereiro, pela Confedera\u00e7\u00e3o Nacional da Ind\u00fastria (CNI),  revela que o INEC recuou apenas 0,2% de um m\u00eas para o outro.<\/p>\n<p>A perspectiva do brasileiro sobre o comportamento da infla\u00e7\u00e3o permaneceu  tamb\u00e9m praticamente est\u00e1vel, com uma alta de 0,4% . Houve aumento nas  expectativas sobre o desemprego e compras de bens de maior valor, que  registraram acr\u00e9scimos, entre janeiro e fevereiro, de 2,5% e de 1,4%,  respectivamente.<\/p>\n<p>De acordo com o INEC, 30% dos entrevistados em fevereiro apostavam na  redu\u00e7\u00e3o do desemprego, contra 28% em janeiro deste ano. Outros 35% acreditavam,  em fevereiro, no aumento do n\u00famero de desempregados, n\u00edvel abaixo dos 37%  verificado no m\u00eas anterior. Entre os entrevistados em fevereiro, 27% responderam  que esperam comprar mais nos pr\u00f3ximos meses, contra 24% em janeiro.<\/p>\n<p>Recuo \u2013 Recuaram, contudo, segundo o INEC, os indicadores relacionados \u00e0  renda. Os brasileiros est\u00e3o menos otimistas sobre a renda pessoal, situa\u00e7\u00e3o  financeira e endividamento.<\/p>\n<p>O \u00edndice de expectativa da renda pessoal registrou o maior recuo da  pesquisa, entre todos os indicadores do INEC, com 2,2% em fevereiro sobre o m\u00eas  anterior: a parcela dos que esperam queda na renda subiu de 6% para 9% dos  entrevistados.<\/p>\n<p>J\u00e1 o indicador de situa\u00e7\u00e3o financeira caiu 1,2% em fevereiro  na compara\u00e7\u00e3o com janeiro e o \u00edndice de endividamento recuou 2,1% na mesma base  de compara\u00e7\u00e3o. Em fevereiro, 22% dos entrevistados estimavam estar mais  endividados nos pr\u00f3ximos meses, contra 18% que tinham essa expectativa em  janeiro.<\/p>\n<p>O economista da CNI Marcelo Azevedo explica que o recuo do INEC nas  expectativas sobre renda, endividamento e situa\u00e7\u00e3o financeira se deve \u00e0  percep\u00e7\u00e3o do aumento das taxas de juros, em decorr\u00eancia das medidas de restri\u00e7\u00e3o  ao cr\u00e9dito baixadas pelo Banco Central no come\u00e7o de dezembro. \u201cUma segunda raz\u00e3o  prov\u00e1vel \u00e9 de que no in\u00edcio do ano h\u00e1 mais despesas pessoais, com impostos,  matr\u00edculas e compra de material escolar\u201d, acrescenta.<\/p>\n<p>O INEC ouviu 2.002 pessoas em todo o pa\u00eds entre 13 e 17 de fevereiro.<\/p>\n","protected":false},"excerpt":{"rendered":"<p>A desacelera\u00e7\u00e3o na atividade econ\u00f4mica, verificada desde fins de 2010 na ind\u00fastria e no in\u00edcio do ano na constru\u00e7\u00e3o civil, n\u00e3o alterou o otimismo dos brasileiros, que se manteve praticamente est\u00e1vel em fevereiro em compara\u00e7\u00e3o a janeiro. O \u00cdndice Nacional de Expectativa do Consumidor (INEC), divulgado nesta segunda-feira, 28 de fevereiro, pela Confedera\u00e7\u00e3o Nacional da [&hellip;]<\/p>\n","protected":false},"author":3,"featured_media":0,"comment_status":"open","ping_status":"open","sticky":false,"template":"","format":"standard","meta":{"tdm_status":"","tdm_grid_status":"","footnotes":""},"categories":[22,7],"tags":[],"class_list":{"0":"post-33776","1":"post","2":"type-post","3":"status-publish","4":"format-standard","6":"category-brasil","7":"category-economia"},"_links":{"self":[{"href":"https:\/\/migracao.redenoticia.com.br\/noticia\/wp-json\/wp\/v2\/posts\/33776","targetHints":{"allow":["GET"]}}],"collection":[{"href":"https:\/\/migracao.redenoticia.com.br\/noticia\/wp-json\/wp\/v2\/posts"}],"about":[{"href":"https:\/\/migracao.redenoticia.com.br\/noticia\/wp-json\/wp\/v2\/types\/post"}],"author":[{"embeddable":true,"href":"https:\/\/migracao.redenoticia.com.br\/noticia\/wp-json\/wp\/v2\/users\/3"}],"replies":[{"embeddable":true,"href":"https:\/\/migracao.redenoticia.com.br\/noticia\/wp-json\/wp\/v2\/comments?post=33776"}],"version-history":[{"count":0,"href":"https:\/\/migracao.redenoticia.com.br\/noticia\/wp-json\/wp\/v2\/posts\/33776\/revisions"}],"wp:attachment":[{"href":"https:\/\/migracao.redenoticia.com.br\/noticia\/wp-json\/wp\/v2\/media?parent=33776"}],"wp:term":[{"taxonomy":"category","embeddable":true,"href":"https:\/\/migracao.redenoticia.com.br\/noticia\/wp-json\/wp\/v2\/categories?post=33776"},{"taxonomy":"post_tag","embeddable":true,"href":"https:\/\/migracao.redenoticia.com.br\/noticia\/wp-json\/wp\/v2\/tags?post=33776"}],"curies":[{"name":"wp","href":"https:\/\/api.w.org\/{rel}","templated":true}]}}