{"id":33784,"date":"2011-02-28T13:39:19","date_gmt":"2011-02-28T17:39:19","guid":{"rendered":"http:\/\/www.redenoticia.com.br\/noticia\/?p=33784"},"modified":"2011-02-28T13:39:19","modified_gmt":"2011-02-28T17:39:19","slug":"inss-comeca-o-pagamento-acima-do-piso-em-0103","status":"publish","type":"post","link":"https:\/\/migracao.redenoticia.com.br\/noticia\/2011\/inss-comeca-o-pagamento-acima-do-piso-em-0103\/33784","title":{"rendered":"INSS come\u00e7a o pagamento acima do piso em 01\/03"},"content":{"rendered":"<p><em><strong><img loading=\"lazy\" decoding=\"async\" class=\"alignleft size-full wp-image-24050\" title=\"inss pagamento aposentadoria beneficio aposentados\" src=\"https:\/\/migracao.redenoticia.com.br\/noticia\/imagens\/inss-pagamento-aposentadoria-beneficio-aposentados.jpg\" alt=\"\" width=\"300\" height=\"193\" srcset=\"https:\/\/migracao.redenoticia.com.br\/noticia\/imagens\/inss-pagamento-aposentadoria-beneficio-aposentados.jpg 300w, https:\/\/migracao.redenoticia.com.br\/noticia\/imagens\/inss-pagamento-aposentadoria-beneficio-aposentados-250x161.jpg 250w, https:\/\/migracao.redenoticia.com.br\/noticia\/imagens\/inss-pagamento-aposentadoria-beneficio-aposentados-150x97.jpg 150w\" sizes=\"auto, (max-width: 300px) 100vw, 300px\" \/>Benef\u00edcios INSS<\/strong><\/em> &#8211; o Instituto  Nacional do Seguro Social (INSS) deposita nesta ter\u00e7a-feira (1\u00ba) os benef\u00edcios  dos aposentados, pensionistas e demais segurados que recebem <em><strong>acima do piso<\/strong><\/em> e t\u00eam  cart\u00e3o com final 1 ou 6 &#8211; desconsiderando-se o d\u00edgito. Nesta mesma data, o INSS  deposita o pagamento para quem recebe at\u00e9 um sal\u00e1rio m\u00ednimo e tem cart\u00e3o com  final 6, desconsiderando-se o d\u00edgito.<\/p>\n<p>Devido ao Carnaval, o INSS  interrompe o calend\u00e1rio de pagamentos no per\u00edodo de 7 a 9 de mar\u00e7o e retoma no  dia 10, quinta-feira, quando ocorrem os \u00faltimos pagamentos. A folha de fevereiro  vai pagar mais de 28 milh\u00f5es de benef\u00edcios em todo o pa\u00eds.<\/p>\n<p>Cronograma \u2013 os segurados do INSS podem acompanhar o calend\u00e1rio de pagamentos de 2011  pelo site da Previd\u00eancia Social. Basta acessar o \u00edcone \u201cAg\u00eancia Eletr\u00f4nica:  Segurado\u201d e seguir as datas pela tabela de pagamento de benef\u00edcios de 2011.  Cartazes com o cronograma tamb\u00e9m foram distribu\u00eddos \u00e0 rede banc\u00e1ria e \u00e0s  Ag\u00eancias de Previd\u00eancia Social.<\/p>\n<p>D\u00favidas sobre as datas do pagamento  tamb\u00e9m podem ser esclarecidas com os operadores da Central 135. A liga\u00e7\u00e3o \u00e9  gratuita a partir de telefones fixos ou p\u00fablicos e tem custo de chamada local,  quando feita de celular.<\/p>\n<p>Ascom\/MPS<\/p>\n","protected":false},"excerpt":{"rendered":"<p>Benef\u00edcios INSS &#8211; o Instituto Nacional do Seguro Social (INSS) deposita nesta ter\u00e7a-feira (1\u00ba) os benef\u00edcios dos aposentados, pensionistas e demais segurados que recebem acima do piso e t\u00eam cart\u00e3o com final 1 ou 6 &#8211; desconsiderando-se o d\u00edgito. Nesta mesma data, o INSS deposita o pagamento para quem recebe at\u00e9 um sal\u00e1rio m\u00ednimo e [&hellip;]<\/p>\n","protected":false},"author":3,"featured_media":24050,"comment_status":"open","ping_status":"open","sticky":false,"template":"","format":"standard","meta":{"tdm_status":"","tdm_grid_status":"","footnotes":""},"categories":[22,7],"tags":[],"class_list":{"0":"post-33784","1":"post","2":"type-post","3":"status-publish","4":"format-standard","5":"has-post-thumbnail","7":"category-brasil","8":"category-economia"},"_links":{"self":[{"href":"https:\/\/migracao.redenoticia.com.br\/noticia\/wp-json\/wp\/v2\/posts\/33784","targetHints":{"allow":["GET"]}}],"collection":[{"href":"https:\/\/migracao.redenoticia.com.br\/noticia\/wp-json\/wp\/v2\/posts"}],"about":[{"href":"https:\/\/migracao.redenoticia.com.br\/noticia\/wp-json\/wp\/v2\/types\/post"}],"author":[{"embeddable":true,"href":"https:\/\/migracao.redenoticia.com.br\/noticia\/wp-json\/wp\/v2\/users\/3"}],"replies":[{"embeddable":true,"href":"https:\/\/migracao.redenoticia.com.br\/noticia\/wp-json\/wp\/v2\/comments?post=33784"}],"version-history":[{"count":0,"href":"https:\/\/migracao.redenoticia.com.br\/noticia\/wp-json\/wp\/v2\/posts\/33784\/revisions"}],"wp:featuredmedia":[{"embeddable":true,"href":"https:\/\/migracao.redenoticia.com.br\/noticia\/wp-json\/wp\/v2\/media\/24050"}],"wp:attachment":[{"href":"https:\/\/migracao.redenoticia.com.br\/noticia\/wp-json\/wp\/v2\/media?parent=33784"}],"wp:term":[{"taxonomy":"category","embeddable":true,"href":"https:\/\/migracao.redenoticia.com.br\/noticia\/wp-json\/wp\/v2\/categories?post=33784"},{"taxonomy":"post_tag","embeddable":true,"href":"https:\/\/migracao.redenoticia.com.br\/noticia\/wp-json\/wp\/v2\/tags?post=33784"}],"curies":[{"name":"wp","href":"https:\/\/api.w.org\/{rel}","templated":true}]}}