{"id":33809,"date":"2011-03-02T10:49:22","date_gmt":"2011-03-02T14:49:22","guid":{"rendered":"http:\/\/www.redenoticia.com.br\/noticia\/?p=33809"},"modified":"2011-03-02T10:49:22","modified_gmt":"2011-03-02T14:49:22","slug":"satelite-para-estudar-aerossois-sera-lancado-em-marco","status":"publish","type":"post","link":"https:\/\/migracao.redenoticia.com.br\/noticia\/2011\/satelite-para-estudar-aerossois-sera-lancado-em-marco\/33809","title":{"rendered":"Sat\u00e9lite para estudar aeross\u00f3is ser\u00e1 lan\u00e7ado em mar\u00e7o"},"content":{"rendered":"<div>\n<h3><span style=\"font-size: 13px; font-weight: normal;\">O lan\u00e7amento do <em><strong>Sat\u00e9lite <\/strong><\/em>Glory, que estava previsto para o dia 23 de fevereiro, foi adiado por motivos t\u00e9cnicos e dever\u00e1 ocorrer este m\u00eas,  na Calif\u00f3rnia. De acordo com a <em><strong>Nasa<\/strong><\/em>, a ag\u00eancia espacial norte-americana, os  problemas est\u00e3o sendo resolvidos e a partir do dia 4 poder\u00e1 come\u00e7ar a contagem  regressiva.<\/span><\/h3>\n<\/div>\n<div>\n<p>A nova miss\u00e3o cient\u00edfica tem como objetivo oferecer informa\u00e7\u00f5es que permitam  uma melhor compreens\u00e3o de como o Sol e os aeross\u00f3is influenciam o clima  terrestre.<\/p>\n<p>Aeross\u00f3is s\u00e3o min\u00fasculas part\u00edculas l\u00edquidas ou s\u00f3lidas suspensas na  atmosfera que t\u00eam papel cr\u00edtico no clima do planeta e est\u00e3o presentes em  praticamente todos os locais, do ar na superf\u00edcie onde os humanos respiram at\u00e9  as mais elevadas camadas da atmosfera.<\/p>\n<p>Os aeross\u00f3is medem de um cent\u00e9simo de micr\u00f4metro, ou o tamanho das menores  bact\u00e9rias, a dezenas de micr\u00f4metros, ou o di\u00e2metro de um fio de cabelo.<\/p>\n<p>Dos equipamentos do Glory, o sensor de polarimetria (APS, na sigla em ingl\u00eas)  coletar\u00e1 dados sobre os aeross\u00f3is atmosf\u00e9ricos, tais como forma, composi\u00e7\u00e3o e  refletividade dos diferentes tipos de part\u00edculas.<\/p>\n<p>O monitor de irradi\u00e2ncia total (TIM) medir\u00e1 varia\u00e7\u00f5es na atividade solar ao  medir a quantidade de radia\u00e7\u00e3o que atinge o topo da atmosfera terrestre.<\/p>\n<p>Os dados enviados pelo sat\u00e9lite de meia tonelada permitir\u00e3o realizar medidas  precisas da influ\u00eancia dos aeross\u00f3is e da energia solar no clima terrestre.<\/p>\n<p>Segundo os respons\u00e1veis pela miss\u00e3o, os dois fatores influenciam o balan\u00e7o  energ\u00e9tico da Terra \u2013 rela\u00e7\u00e3o entre a energia que entre e a que sai pela  atmosfera \u2013 e seu conhecimento ser\u00e1 importante para antecipar mudan\u00e7as futuras  no clima e como elas poder\u00e3o afetar a vida no planeta.<\/p>\n<p>O Glory se juntar\u00e1 a uma frota de sat\u00e9lites de observa\u00e7\u00e3o terrestre  conhecidos como Constela\u00e7\u00e3o A, ou Trem A, destinados ao estudo da biosfera e do  clima do planeta.<\/p>\n<p>Mais informa\u00e7\u00f5es: <a href=\"http:\/\/www.nasa.gov\/mission_pages\/Glory\/main\/index.html\" target=\"_blank\">www.nasa.gov\/mission_pages\/Glory\/main\/index.html<\/a><\/p>\n<\/div>\n<p>Ag\u00eancia Fapesp<\/p>\n","protected":false},"excerpt":{"rendered":"<p>O lan\u00e7amento do Sat\u00e9lite Glory, que estava previsto para o dia 23 de fevereiro, foi adiado por motivos t\u00e9cnicos e dever\u00e1 ocorrer este m\u00eas, na Calif\u00f3rnia. De acordo com a Nasa, a ag\u00eancia espacial norte-americana, os problemas est\u00e3o sendo resolvidos e a partir do dia 4 poder\u00e1 come\u00e7ar a contagem regressiva. A nova miss\u00e3o cient\u00edfica [&hellip;]<\/p>\n","protected":false},"author":3,"featured_media":0,"comment_status":"open","ping_status":"open","sticky":false,"template":"","format":"standard","meta":{"tdm_status":"","tdm_grid_status":"","footnotes":""},"categories":[22],"tags":[],"class_list":{"0":"post-33809","1":"post","2":"type-post","3":"status-publish","4":"format-standard","6":"category-brasil"},"_links":{"self":[{"href":"https:\/\/migracao.redenoticia.com.br\/noticia\/wp-json\/wp\/v2\/posts\/33809","targetHints":{"allow":["GET"]}}],"collection":[{"href":"https:\/\/migracao.redenoticia.com.br\/noticia\/wp-json\/wp\/v2\/posts"}],"about":[{"href":"https:\/\/migracao.redenoticia.com.br\/noticia\/wp-json\/wp\/v2\/types\/post"}],"author":[{"embeddable":true,"href":"https:\/\/migracao.redenoticia.com.br\/noticia\/wp-json\/wp\/v2\/users\/3"}],"replies":[{"embeddable":true,"href":"https:\/\/migracao.redenoticia.com.br\/noticia\/wp-json\/wp\/v2\/comments?post=33809"}],"version-history":[{"count":0,"href":"https:\/\/migracao.redenoticia.com.br\/noticia\/wp-json\/wp\/v2\/posts\/33809\/revisions"}],"wp:attachment":[{"href":"https:\/\/migracao.redenoticia.com.br\/noticia\/wp-json\/wp\/v2\/media?parent=33809"}],"wp:term":[{"taxonomy":"category","embeddable":true,"href":"https:\/\/migracao.redenoticia.com.br\/noticia\/wp-json\/wp\/v2\/categories?post=33809"},{"taxonomy":"post_tag","embeddable":true,"href":"https:\/\/migracao.redenoticia.com.br\/noticia\/wp-json\/wp\/v2\/tags?post=33809"}],"curies":[{"name":"wp","href":"https:\/\/api.w.org\/{rel}","templated":true}]}}