{"id":33810,"date":"2011-03-02T10:53:28","date_gmt":"2011-03-02T14:53:28","guid":{"rendered":"http:\/\/www.redenoticia.com.br\/noticia\/?p=33810"},"modified":"2011-03-02T10:53:28","modified_gmt":"2011-03-02T14:53:28","slug":"inscricoes-cnpq-para-premio-de-divulgacao-cientifica-e-tecnologica","status":"publish","type":"post","link":"https:\/\/migracao.redenoticia.com.br\/noticia\/2011\/inscricoes-cnpq-para-premio-de-divulgacao-cientifica-e-tecnologica\/33810","title":{"rendered":"Inscri\u00e7\u00f5es CNPq para pr\u00eamio de divulga\u00e7\u00e3o cient\u00edfica e tecnol\u00f3gica"},"content":{"rendered":"<div>\n<h3><span style=\"font-size: 13px; font-weight: normal;\">Est\u00e3o abertas as inscri\u00e7\u00f5es para o 31\u00ba <em><strong>Pr\u00eamio<\/strong><\/em> Jos\u00e9  Reis de <em><strong>Divulga\u00e7\u00e3o Cient\u00edfica e Tecnol\u00f3gica<\/strong><\/em>. Concedido anualmente pelo Conselho  Nacional de Desenvolvimento Cient\u00edfico e Tecnol\u00f3gico (<em><strong>CNPq<\/strong><\/em>), \u00e9 atribu\u00eddo um  sistema de rod\u00edzio para as tr\u00eas categorias do pr\u00eamio: \u201cJornalismo Cient\u00edfico\u201d,  \u201cDivulga\u00e7\u00e3o Cient\u00edfica\u201d e \u201cInstitui\u00e7\u00e3o\u201d.<\/span><\/h3>\n<\/div>\n<div>\n<p>A modalidade desta edi\u00e7\u00e3o \u00e9 \u201cJornalismo Cient\u00edfico\u201d e ir\u00e1 premiar o  jornalista profissional de destaque na difus\u00e3o da Ci\u00eancia e da Tecnologia nos  meios de comunica\u00e7\u00e3o de massa.<\/p>\n<p>O vencedor de 2011 ser\u00e1 agraciado com R$ 20 mil, um trof\u00e9u e passagem a\u00e9rea e  hospedagem para participar da cerim\u00f4nia de entrega do pr\u00eamio na Reuni\u00e3o Anual da  Sociedade Brasileira para o Progresso da Ci\u00eancia (SBPC), a ser realizada em  julho na Universidade Federal de Goi\u00e1s (UFG).<\/p>\n<p>Para se inscrever, o candidato dever\u00e1 enviar ao CNPq a ficha de inscri\u00e7\u00e3o  preenchida, uma c\u00f3pia do registro de jornalista do MTb, o curr\u00edculo atualizado  na Plataforma Lattes, justificativa da contribui\u00e7\u00e3o \u00e0 divulga\u00e7\u00e3o cient\u00edfica e  tecnol\u00f3gica e a apresenta\u00e7\u00e3o dos trabalhos \u2013 no m\u00ednimo cinco e no m\u00e1ximo dez \u2013,  considerando os mais importantes e relevantes.<\/p>\n<p>As inscri\u00e7\u00f5es terminam em 20 de maio. O endere\u00e7o para envio \u00e9: CNPq \u2013 Servi\u00e7o  de Pr\u00eamios \u2013 SHIS Quadra 01 Conjunto B \u2013 Bloco B, 1\u00ba andar, Edif\u00edcio Santos  Dumont, Lago Sul, Bras\u00edlia, DF, 71605-001.<\/p>\n<p>Mais informa\u00e7\u00f5es e ficha de inscri\u00e7\u00e3o: <a href=\"http:\/\/www.cnpq.br\/premios\/2011\/pjr\/index.htm\" target=\"_blank\">www.premiojosereis.cnpq.br<\/a>, <a href=\"mailto: premios@cnpq.br\">premios@cnpq.br<\/a> ou (61) 3211-9410.<\/p>\n<\/div>\n<p>Agencia FAPESP<\/p>\n","protected":false},"excerpt":{"rendered":"<p>Est\u00e3o abertas as inscri\u00e7\u00f5es para o 31\u00ba Pr\u00eamio Jos\u00e9 Reis de Divulga\u00e7\u00e3o Cient\u00edfica e Tecnol\u00f3gica. Concedido anualmente pelo Conselho Nacional de Desenvolvimento Cient\u00edfico e Tecnol\u00f3gico (CNPq), \u00e9 atribu\u00eddo um sistema de rod\u00edzio para as tr\u00eas categorias do pr\u00eamio: \u201cJornalismo Cient\u00edfico\u201d, \u201cDivulga\u00e7\u00e3o Cient\u00edfica\u201d e \u201cInstitui\u00e7\u00e3o\u201d. A modalidade desta edi\u00e7\u00e3o \u00e9 \u201cJornalismo Cient\u00edfico\u201d e ir\u00e1 premiar o [&hellip;]<\/p>\n","protected":false},"author":3,"featured_media":0,"comment_status":"open","ping_status":"open","sticky":false,"template":"","format":"standard","meta":{"tdm_status":"","tdm_grid_status":"","footnotes":""},"categories":[22,370,353],"tags":[],"class_list":{"0":"post-33810","1":"post","2":"type-post","3":"status-publish","4":"format-standard","6":"category-brasil","7":"category-inscricao","8":"category-oportunidades"},"_links":{"self":[{"href":"https:\/\/migracao.redenoticia.com.br\/noticia\/wp-json\/wp\/v2\/posts\/33810","targetHints":{"allow":["GET"]}}],"collection":[{"href":"https:\/\/migracao.redenoticia.com.br\/noticia\/wp-json\/wp\/v2\/posts"}],"about":[{"href":"https:\/\/migracao.redenoticia.com.br\/noticia\/wp-json\/wp\/v2\/types\/post"}],"author":[{"embeddable":true,"href":"https:\/\/migracao.redenoticia.com.br\/noticia\/wp-json\/wp\/v2\/users\/3"}],"replies":[{"embeddable":true,"href":"https:\/\/migracao.redenoticia.com.br\/noticia\/wp-json\/wp\/v2\/comments?post=33810"}],"version-history":[{"count":0,"href":"https:\/\/migracao.redenoticia.com.br\/noticia\/wp-json\/wp\/v2\/posts\/33810\/revisions"}],"wp:attachment":[{"href":"https:\/\/migracao.redenoticia.com.br\/noticia\/wp-json\/wp\/v2\/media?parent=33810"}],"wp:term":[{"taxonomy":"category","embeddable":true,"href":"https:\/\/migracao.redenoticia.com.br\/noticia\/wp-json\/wp\/v2\/categories?post=33810"},{"taxonomy":"post_tag","embeddable":true,"href":"https:\/\/migracao.redenoticia.com.br\/noticia\/wp-json\/wp\/v2\/tags?post=33810"}],"curies":[{"name":"wp","href":"https:\/\/api.w.org\/{rel}","templated":true}]}}