{"id":3399,"date":"2009-06-22T08:44:33","date_gmt":"2009-06-22T12:44:33","guid":{"rendered":"http:\/\/www.redenoticia.com.br\/noticia\/?p=3399"},"modified":"2009-06-22T08:44:33","modified_gmt":"2009-06-22T12:44:33","slug":"rondonia-tem-90-das-obras-do-pac-em-andamento-diz-ministra-dilma","status":"publish","type":"post","link":"https:\/\/migracao.redenoticia.com.br\/noticia\/2009\/rondonia-tem-90-das-obras-do-pac-em-andamento-diz-ministra-dilma\/3399","title":{"rendered":"Rond\u00f4nia tem 90% das obras do PAC em andamento, diz ministra Dilma"},"content":{"rendered":"<p><a href=\"https:\/\/migracao.redenoticia.com.br\/noticia\/imagens\/\/Dilma-Valverde-e-Fatima-Cleide.jpg\"><img loading=\"lazy\" decoding=\"async\" class=\"alignleft size-medium wp-image-3400\" title=\"Dilma Valverde e Fatima Cleide\" src=\"https:\/\/migracao.redenoticia.com.br\/noticia\/imagens\/\/Dilma-Valverde-e-Fatima-Cleide-249x187.jpg\" alt=\"Dilma Valverde e Fatima Cleide\" width=\"249\" height=\"187\" \/><\/a>O PAC veio colocar os investimentos em infraestrutura na ordem do dia. Estamos solucionando os gargalos para que o Pa\u00eds cres\u00e7a\u201d. Essa foi a t\u00f4nica dada\u00a0pela ministra-chefe da Casa Civil, Dilma Rousseff em sua visita ao estado de Rond\u00f4nia, nasexta-feira (19). Al\u00e9m do balan\u00e7o do Plano de Acelera\u00e7\u00e3o do Crescimento(PAC), a ministra participou tamb\u00e9m do lan\u00e7amento\u00a0Mutir\u00e3o Arco Verde Terra Legal.<\/p>\n<p>Esse programa tem como meta a regulariza\u00e7\u00e3o, em tr\u00eas anos, de 296 mil im\u00f3veis de at\u00e9 15 m\u00f3dulos fiscais ocupados por posseiros nos nove estados da Amaz\u00f4nia. Neste ano, dever\u00e3o ser regularizadas 90 mil posses em 93 munic\u00edpios. Sendo que as primeiras atividades ser\u00e3o desenvolvidas em munic\u00edpios \u00a0da Opera\u00e7\u00e3o Arco Verde, que prev\u00ea um conjunto de a\u00e7\u00f5es nas 43 cidades que mais desmatam a Floresta Amaz\u00f4nica.<\/p>\n<p>Em Rond\u00f4nia, h\u00e1 in\u00fameras terras que se enquadram na Opera\u00e7\u00e3o Arco Verde e que est\u00e3o sub-j\u00fadice entre elas, as Reservas Extrativistas Jaci-Paran\u00e1, Terra Ind\u00edgena Karipuna, Parque Ecol\u00f3gico Guajar\u00e1-mirim, Floresta Bom Futuro e o distrito de Nova Dimens\u00e3o.<\/p>\n<p>De acordo com Dilma, o estado \u00e9 um exemplo do avan\u00e7o das obras. S\u00f3 em habita\u00e7\u00e3o,o andamento das obras representam 90% . Os investimentos do PAC em saneamento e habita\u00e7\u00e3o no estado \u00e9 de R$ 1,3 bilh\u00e3o .<\/p>\n<p>A ministra\u00a0Dilma\u00a0Rousseff\u00a0afirmou que a reuni\u00e3o faz parte do balan\u00e7o de presta\u00e7\u00e3o de contas das obras do PAC que o Governo Federal realiza quadrimestralmente. De acordo com ela, Rond\u00f4nia j\u00e1 est\u00e1 sendo beneficiada com as hidrel\u00e9tricas\u00a0de Jirau e Santo Ant\u00f4nio, pois elas t\u00eam feito a economia girar. Dilma e uma comitiva formada por parlamentares e autoridades visitaram os canteiros das hidrel\u00e9tricas.<\/p>\n<p>Para o Coordenador da Bancada de Rond\u00f4nia no Congresso Nacional,deputado Eduardo Valverde (PT\/RO), a visita da ministra evid\u00eancia a import\u00e2ncia que Rond\u00f4nia passa a ter para todo o Pa\u00eds, at\u00e9 porque, ressaltou ele, quando as obras das hidrel\u00e9tricas se conclu\u00edrem, todo o Brasil ser\u00e1 beneficiado com o fornecimento de energia.<\/p>\n","protected":false},"excerpt":{"rendered":"<p>O PAC veio colocar os investimentos em infraestrutura na ordem do dia. Estamos solucionando os gargalos para que o Pa\u00eds cres\u00e7a\u201d. Essa foi a t\u00f4nica dada\u00a0pela ministra-chefe da Casa Civil, Dilma Rousseff em sua visita ao estado de Rond\u00f4nia, nasexta-feira (19). Al\u00e9m do balan\u00e7o do Plano de Acelera\u00e7\u00e3o do Crescimento(PAC), a ministra participou tamb\u00e9m do [&hellip;]<\/p>\n","protected":false},"author":2,"featured_media":0,"comment_status":"open","ping_status":"open","sticky":false,"template":"","format":"standard","meta":{"tdm_status":"","tdm_grid_status":"","footnotes":""},"categories":[22,7],"tags":[],"class_list":{"0":"post-3399","1":"post","2":"type-post","3":"status-publish","4":"format-standard","6":"category-brasil","7":"category-economia"},"_links":{"self":[{"href":"https:\/\/migracao.redenoticia.com.br\/noticia\/wp-json\/wp\/v2\/posts\/3399","targetHints":{"allow":["GET"]}}],"collection":[{"href":"https:\/\/migracao.redenoticia.com.br\/noticia\/wp-json\/wp\/v2\/posts"}],"about":[{"href":"https:\/\/migracao.redenoticia.com.br\/noticia\/wp-json\/wp\/v2\/types\/post"}],"author":[{"embeddable":true,"href":"https:\/\/migracao.redenoticia.com.br\/noticia\/wp-json\/wp\/v2\/users\/2"}],"replies":[{"embeddable":true,"href":"https:\/\/migracao.redenoticia.com.br\/noticia\/wp-json\/wp\/v2\/comments?post=3399"}],"version-history":[{"count":0,"href":"https:\/\/migracao.redenoticia.com.br\/noticia\/wp-json\/wp\/v2\/posts\/3399\/revisions"}],"wp:attachment":[{"href":"https:\/\/migracao.redenoticia.com.br\/noticia\/wp-json\/wp\/v2\/media?parent=3399"}],"wp:term":[{"taxonomy":"category","embeddable":true,"href":"https:\/\/migracao.redenoticia.com.br\/noticia\/wp-json\/wp\/v2\/categories?post=3399"},{"taxonomy":"post_tag","embeddable":true,"href":"https:\/\/migracao.redenoticia.com.br\/noticia\/wp-json\/wp\/v2\/tags?post=3399"}],"curies":[{"name":"wp","href":"https:\/\/api.w.org\/{rel}","templated":true}]}}