{"id":3402,"date":"2009-06-22T09:12:58","date_gmt":"2009-06-22T13:12:58","guid":{"rendered":"http:\/\/www.redenoticia.com.br\/noticia\/?p=3402"},"modified":"2009-06-22T09:12:58","modified_gmt":"2009-06-22T13:12:58","slug":"saude-e-prioridade","status":"publish","type":"post","link":"https:\/\/migracao.redenoticia.com.br\/noticia\/2009\/saude-e-prioridade\/3402","title":{"rendered":"Sa\u00fade \u00e9 prioridade"},"content":{"rendered":"<p><a href=\"https:\/\/migracao.redenoticia.com.br\/noticia\/imagens\/\/office.jpg\"><img loading=\"lazy\" decoding=\"async\" class=\"alignleft size-full wp-image-3403\" title=\"office\" src=\"https:\/\/migracao.redenoticia.com.br\/noticia\/imagens\/\/office.jpg\" alt=\"office\" width=\"150\" height=\"113\" \/><\/a>Um estudo conduzido na Finl\u00e2ndia e rec\u00e9m-publicado no peri\u00f3dico Occupational and Environmental Medicine revela que indiv\u00edduos que julgam viver em melhores ambientes de trabalho apresentam menos comportamentos de risco \u00e0 sa\u00fade: tabagismo, obesidade, sedentarismo e abuso de \u00e1lcool. Vale lembrar que esses s\u00e3o os quatro fatores de risco mais associados a doen\u00e7as e \u00e0 mortalidade em pa\u00edses industrializados.<\/p>\n<p>A pesquisa analisou mais de 30 mil servidores p\u00fablicos finlandeses e confirmou que fatores psicosociais associados ao trabalho s\u00e3o capazes de contribuir para que as pessoas adquiram comportamentos de risco. Outras pesquisas j\u00e1 haviam revelado que condi\u00e7\u00f5es psicol\u00f3gicas adversas no trabalho aumentam o risco de obesidade e excesso de \u00e1lcool. Tamb\u00e9m j\u00e1 havia sido demonstrado que indiv\u00edduos que n\u00e3o t\u00eam confian\u00e7a na institui\u00e7\u00e3o em que trabalham t\u00eam maior dificuldade em abandonar o v\u00edcio do cigarro.<\/p>\n<p>O mundo corporativo j\u00e1 est\u00e1 bem convencido de que investir na sa\u00fade dos trabalhadores traz grande retorno econ\u00f4mico. O presente estudo demonstra que o clima organizacional pode ser um forte aliado para a promo\u00e7\u00e3o da sa\u00fade.<\/p>\n<p>:: Dr. Ricardo Teixeira &#8211; Doutor em Neurologia pela Unicamp. Atualmente, dirige o Instituto do C\u00e9rebro de Bras\u00edlia (ICB) e dedica-se ao jornalismo cient\u00edfico. \u00c9 tamb\u00e9m titular do Blog &#8220;ConsCi\u00eancia no Dia-a-Dia&#8221; www.consciencianodiaadia.com e consultor do Grupo Athena.<\/p>\n","protected":false},"excerpt":{"rendered":"<p>Um estudo conduzido na Finl\u00e2ndia e rec\u00e9m-publicado no peri\u00f3dico Occupational and Environmental Medicine revela que indiv\u00edduos que julgam viver em melhores ambientes de trabalho apresentam menos comportamentos de risco \u00e0 sa\u00fade: tabagismo, obesidade, sedentarismo e abuso de \u00e1lcool. Vale lembrar que esses s\u00e3o os quatro fatores de risco mais associados a doen\u00e7as e \u00e0 mortalidade [&hellip;]<\/p>\n","protected":false},"author":3,"featured_media":0,"comment_status":"open","ping_status":"open","sticky":false,"template":"","format":"standard","meta":{"tdm_status":"","tdm_grid_status":"","footnotes":""},"categories":[22,5],"tags":[],"class_list":{"0":"post-3402","1":"post","2":"type-post","3":"status-publish","4":"format-standard","6":"category-brasil","7":"category-saude-e-vida"},"_links":{"self":[{"href":"https:\/\/migracao.redenoticia.com.br\/noticia\/wp-json\/wp\/v2\/posts\/3402","targetHints":{"allow":["GET"]}}],"collection":[{"href":"https:\/\/migracao.redenoticia.com.br\/noticia\/wp-json\/wp\/v2\/posts"}],"about":[{"href":"https:\/\/migracao.redenoticia.com.br\/noticia\/wp-json\/wp\/v2\/types\/post"}],"author":[{"embeddable":true,"href":"https:\/\/migracao.redenoticia.com.br\/noticia\/wp-json\/wp\/v2\/users\/3"}],"replies":[{"embeddable":true,"href":"https:\/\/migracao.redenoticia.com.br\/noticia\/wp-json\/wp\/v2\/comments?post=3402"}],"version-history":[{"count":0,"href":"https:\/\/migracao.redenoticia.com.br\/noticia\/wp-json\/wp\/v2\/posts\/3402\/revisions"}],"wp:attachment":[{"href":"https:\/\/migracao.redenoticia.com.br\/noticia\/wp-json\/wp\/v2\/media?parent=3402"}],"wp:term":[{"taxonomy":"category","embeddable":true,"href":"https:\/\/migracao.redenoticia.com.br\/noticia\/wp-json\/wp\/v2\/categories?post=3402"},{"taxonomy":"post_tag","embeddable":true,"href":"https:\/\/migracao.redenoticia.com.br\/noticia\/wp-json\/wp\/v2\/tags?post=3402"}],"curies":[{"name":"wp","href":"https:\/\/api.w.org\/{rel}","templated":true}]}}