{"id":34053,"date":"2011-03-15T09:14:42","date_gmt":"2011-03-15T13:14:42","guid":{"rendered":"http:\/\/www.redenoticia.com.br\/noticia\/?p=34053"},"modified":"2011-03-15T09:14:42","modified_gmt":"2011-03-15T13:14:42","slug":"japao-orienta-populacao-para-evitar-contaminacao-nuclear","status":"publish","type":"post","link":"https:\/\/migracao.redenoticia.com.br\/noticia\/2011\/japao-orienta-populacao-para-evitar-contaminacao-nuclear\/34053","title":{"rendered":"Jap\u00e3o orienta popula\u00e7\u00e3o para evitar contamina\u00e7\u00e3o nuclear"},"content":{"rendered":"<p>A Organiza\u00e7\u00e3o Mundial da Sa\u00fade (OMS) elogiou hoje (15) as medidas de seguran\u00e7a adotadas pelo governo do <em><strong>Jap\u00e3o<\/strong><\/em> para evitar a <em><strong>contamina\u00e7\u00e3o de radia\u00e7\u00e3o nuclear<\/strong><\/em> no pa\u00eds. A entidade informou que a principal decis\u00e3o foi retirar as pessoas que vivem em um raio de 20 a 30 quil\u00f4metros da Usina Nuclear de <em><strong>Fukushima<\/strong><\/em> Daiichi \u2013 onde hoje houve a terceira explos\u00e3o \u2013 ou sugerir que permane\u00e7am em locais fechados sem contato direto com o meio ambiente.<\/p>\n<p>Segundo a OMS, as medidas seguem as orienta\u00e7\u00f5es adequadas para a sa\u00fade p\u00fablica. \u201cNa situa\u00e7\u00e3o atual e em r\u00e1pida evolu\u00e7\u00e3o em rela\u00e7\u00e3o \u00e0s usinas nucleares no Jap\u00e3o, as a\u00e7\u00f5es propostas pelo governo do Jap\u00e3o est\u00e3o em conformidade com as recomenda\u00e7\u00f5es existentes de sa\u00fade p\u00fablica\u201d, diz a a organiza\u00e7\u00e3o.<\/p>\n<p>De acordo com a OMS, a contamina\u00e7\u00e3o pela radia\u00e7\u00e3o est\u00e1 diretamente relacionada \u00e0 exposi\u00e7\u00e3o de pessoas e animais. \u201cA exposi\u00e7\u00e3o, por sua vez, depende da quantidade de radia\u00e7\u00e3o liberada do reator, das condi\u00e7\u00f5es clim\u00e1ticas, como o vento e a chuva, no momento da explos\u00e3o\u201d, diz o comunicado.<\/p>\n<p>A Ag\u00eancia Internacional de Energia At\u00f4mica (Aiea) informou hoje que a \u00faltima explos\u00e3o, que ocorreu hoje \u00e0s 6h20 (hor\u00e1rio do Jap\u00e3o), no reator 4, da unidade 2, da Usina Nuclear de Fukushima Daiichi, no Jap\u00e3o, est\u00e1 \u201csob controle\u201d. As autoridades japonesas mant\u00eam a ag\u00eancia informada e em sistema de monitoramento.<\/p>\n<p>Logo ap\u00f3s o incidente, o primeiro-ministro japon\u00eas, Naoto Kan, determinou que todos os moradores de regi\u00f5es ao redor da usina desocupem o local. O primeiro-ministro pediu tamb\u00e9m que aqueles que est\u00e3o em um raio de 20 a 30 quil\u00f4metros de dist\u00e2ncia da usina permane\u00e7am dentro de suas casas.<\/p>\n<p>Renata Giraldi<br \/>\nRep\u00f3rter da Ag\u00eancia Brasil<\/p>\n<p>Edi\u00e7\u00e3o: L\u00edlian Beraldo<\/p>\n","protected":false},"excerpt":{"rendered":"<p>A Organiza\u00e7\u00e3o Mundial da Sa\u00fade (OMS) elogiou hoje (15) as medidas de seguran\u00e7a adotadas pelo governo do Jap\u00e3o para evitar a contamina\u00e7\u00e3o de radia\u00e7\u00e3o nuclear no pa\u00eds. A entidade informou que a principal decis\u00e3o foi retirar as pessoas que vivem em um raio de 20 a 30 quil\u00f4metros da Usina Nuclear de Fukushima Daiichi \u2013 [&hellip;]<\/p>\n","protected":false},"author":3,"featured_media":0,"comment_status":"open","ping_status":"open","sticky":false,"template":"","format":"standard","meta":{"tdm_status":"","tdm_grid_status":"","footnotes":""},"categories":[22],"tags":[],"class_list":{"0":"post-34053","1":"post","2":"type-post","3":"status-publish","4":"format-standard","6":"category-brasil"},"_links":{"self":[{"href":"https:\/\/migracao.redenoticia.com.br\/noticia\/wp-json\/wp\/v2\/posts\/34053","targetHints":{"allow":["GET"]}}],"collection":[{"href":"https:\/\/migracao.redenoticia.com.br\/noticia\/wp-json\/wp\/v2\/posts"}],"about":[{"href":"https:\/\/migracao.redenoticia.com.br\/noticia\/wp-json\/wp\/v2\/types\/post"}],"author":[{"embeddable":true,"href":"https:\/\/migracao.redenoticia.com.br\/noticia\/wp-json\/wp\/v2\/users\/3"}],"replies":[{"embeddable":true,"href":"https:\/\/migracao.redenoticia.com.br\/noticia\/wp-json\/wp\/v2\/comments?post=34053"}],"version-history":[{"count":0,"href":"https:\/\/migracao.redenoticia.com.br\/noticia\/wp-json\/wp\/v2\/posts\/34053\/revisions"}],"wp:attachment":[{"href":"https:\/\/migracao.redenoticia.com.br\/noticia\/wp-json\/wp\/v2\/media?parent=34053"}],"wp:term":[{"taxonomy":"category","embeddable":true,"href":"https:\/\/migracao.redenoticia.com.br\/noticia\/wp-json\/wp\/v2\/categories?post=34053"},{"taxonomy":"post_tag","embeddable":true,"href":"https:\/\/migracao.redenoticia.com.br\/noticia\/wp-json\/wp\/v2\/tags?post=34053"}],"curies":[{"name":"wp","href":"https:\/\/api.w.org\/{rel}","templated":true}]}}