{"id":34055,"date":"2011-03-15T09:39:02","date_gmt":"2011-03-15T13:39:02","guid":{"rendered":"http:\/\/www.redenoticia.com.br\/noticia\/?p=34055"},"modified":"2011-03-15T09:39:02","modified_gmt":"2011-03-15T13:39:02","slug":"frente-fria-avanca-sobre-o-parana","status":"publish","type":"post","link":"https:\/\/migracao.redenoticia.com.br\/noticia\/2011\/frente-fria-avanca-sobre-o-parana\/34055","title":{"rendered":"Frente fria avan\u00e7a sobre o Paran\u00e1"},"content":{"rendered":"<p>A ter\u00e7a-feira (15) come\u00e7ou com muita nebulosidade sobre o interior e leste do <em><strong>Paran\u00e1<\/strong><\/em> e tamb\u00e9m com <em><strong>temperaturas<\/strong><\/em> um pouco mais baixas. Isso por que uma fraca  frente fria passa pela costa do Estado e j\u00e1 avan\u00e7a em dire\u00e7\u00e3o ao Sudeste.<\/p>\n<p>Segundo a SOMAR Meteorologia, a frente fria se afasta, mas a nebulosidade  persiste sobre o leste, entre a Regi\u00e3o Metropolitana de Curitiba e o Litoral, e  h\u00e1 condi\u00e7\u00f5es para pancadas de chuva ao longo do dia. Por\u00e9m essa chuva \u00e9 isolada  e n\u00e3o gera grandes acumulados. As temperaturas m\u00e1ximas ficam baixas sobre o  leste, por causa o tempo mais fechado, j\u00e1 sobre o oeste a tarde vai ser abafada  com temperaturas em torno dos 30\u00b0C. No final do dia as temperaturas entram em  decl\u00ednio por causa de uma massa de ar frio que acompanha a frente fria.<\/p>\n<p>Amanh\u00e3 (16), as temperaturas m\u00ednimas baixam um pouco mais, por isso a  sensa\u00e7\u00e3o vai ser de frio no in\u00edcio da quarta-feira principalmente sobre o sul do  Paran\u00e1. Em maior parte do Estado faz sol ao longo do dia. Apenas no norte e  leste teremos mais nebulosidade e pancadas de chuva a partir da tarde. As  temperaturas m\u00e1ximas permanecem um pouco mais baixas no leste. J\u00e1 no oeste e  sudoeste o tempo fica abafado \u00e0 tarde com temperaturas acima dos 30\u00b0C.<\/p>\n<p>&nbsp;<\/p>\n","protected":false},"excerpt":{"rendered":"<p>A ter\u00e7a-feira (15) come\u00e7ou com muita nebulosidade sobre o interior e leste do Paran\u00e1 e tamb\u00e9m com temperaturas um pouco mais baixas. Isso por que uma fraca frente fria passa pela costa do Estado e j\u00e1 avan\u00e7a em dire\u00e7\u00e3o ao Sudeste. Segundo a SOMAR Meteorologia, a frente fria se afasta, mas a nebulosidade persiste sobre [&hellip;]<\/p>\n","protected":false},"author":3,"featured_media":0,"comment_status":"open","ping_status":"open","sticky":false,"template":"","format":"standard","meta":{"tdm_status":"","tdm_grid_status":"","footnotes":""},"categories":[22,327],"tags":[],"class_list":{"0":"post-34055","1":"post","2":"type-post","3":"status-publish","4":"format-standard","6":"category-brasil","7":"category-clima"},"_links":{"self":[{"href":"https:\/\/migracao.redenoticia.com.br\/noticia\/wp-json\/wp\/v2\/posts\/34055","targetHints":{"allow":["GET"]}}],"collection":[{"href":"https:\/\/migracao.redenoticia.com.br\/noticia\/wp-json\/wp\/v2\/posts"}],"about":[{"href":"https:\/\/migracao.redenoticia.com.br\/noticia\/wp-json\/wp\/v2\/types\/post"}],"author":[{"embeddable":true,"href":"https:\/\/migracao.redenoticia.com.br\/noticia\/wp-json\/wp\/v2\/users\/3"}],"replies":[{"embeddable":true,"href":"https:\/\/migracao.redenoticia.com.br\/noticia\/wp-json\/wp\/v2\/comments?post=34055"}],"version-history":[{"count":0,"href":"https:\/\/migracao.redenoticia.com.br\/noticia\/wp-json\/wp\/v2\/posts\/34055\/revisions"}],"wp:attachment":[{"href":"https:\/\/migracao.redenoticia.com.br\/noticia\/wp-json\/wp\/v2\/media?parent=34055"}],"wp:term":[{"taxonomy":"category","embeddable":true,"href":"https:\/\/migracao.redenoticia.com.br\/noticia\/wp-json\/wp\/v2\/categories?post=34055"},{"taxonomy":"post_tag","embeddable":true,"href":"https:\/\/migracao.redenoticia.com.br\/noticia\/wp-json\/wp\/v2\/tags?post=34055"}],"curies":[{"name":"wp","href":"https:\/\/api.w.org\/{rel}","templated":true}]}}