{"id":34057,"date":"2011-03-15T09:43:25","date_gmt":"2011-03-15T13:43:25","guid":{"rendered":"http:\/\/www.redenoticia.com.br\/noticia\/?p=34057"},"modified":"2011-03-15T09:43:25","modified_gmt":"2011-03-15T13:43:25","slug":"campanha-%e2%80%9csemana-do-lixo-eletronico%e2%80%9d-em-sc","status":"publish","type":"post","link":"https:\/\/migracao.redenoticia.com.br\/noticia\/2011\/campanha-%e2%80%9csemana-do-lixo-eletronico%e2%80%9d-em-sc\/34057","title":{"rendered":"Campanha \u201cSemana do Lixo Eletr\u00f4nico\u201d em SC"},"content":{"rendered":"<p>J\u00e1 est\u00e1 confirmada: a segunda edi\u00e7\u00e3o da campanha \u201c<em><strong>Semana do Lixo Eletr\u00f4nico<\/strong><\/em>\u201d  organizada pelo N\u00facleo de Inform\u00e1tica da Acibalc (Associa\u00e7\u00e3o Empresarial de  Balne\u00e1rio Cambori\u00fa e Cambori\u00fa) acontecer\u00e1 entre os dias 28 de mar\u00e7o e 1\u00ba de  abril. Nesse per\u00edodo, as empresas que possuem aparelhos e equipamentos  eletr\u00f4nicos que est\u00e3o em desuso ou que n\u00e3o atendem mais as suas necessidades,  poder\u00e3o realizar a doa\u00e7\u00e3o nos seguintes locais:<\/p>\n<p>Pontos de coleta em Cambori\u00fa, SC:<br \/>\nCDL Cambori\u00fa: Rua Francisco Barreto, n\u00ba  76<br \/>\nComercial Pereira: Rua Jos\u00e9 Francisco Bernardes, n\u00ba 202<br \/>\nHospital do  Computador: Rua Verg\u00edlio Rodrigues Pereira, n\u00ba 32<br \/>\nSind. Dos Trabalhadores  Rurais: Rua Jos\u00e9 Francisco Bernardes, n\u00ba 258<\/p>\n<p>Pontos de coleta em Balne\u00e1rio Cambori\u00fa, SC:<br \/>\nMastersoft Inform\u00e1tica: Rua  1.500, n\u00ba 999<br \/>\nMegasoft Inform\u00e1tica: 3\u00aa Av., n\u00ba 1.180, sl 02<br \/>\nNeo  Inform\u00e1tica: Rua 1.500, n\u00ba 963<br \/>\nPronto Inform\u00e1tica: Rua 700, n\u00ba 350, sl  01<br \/>\nSomadatta Inform\u00e1tica: Rua 990, n\u00ba 161<\/p>\n<p>Sobre a campanha:<br \/>\nA eco-a\u00e7\u00e3o tem como objetivos: a reciclagem e o  reaproveitamento do lixo proveniente da inform\u00e1tica, e de sensibilizar as  pessoas sobre a import\u00e2ncia de levar esse tipo de material ao seu destino  correto, contribuindo com a preserva\u00e7\u00e3o do meio-ambiente.<\/p>\n<p>A confirma\u00e7\u00e3o da 2\u00aa edi\u00e7\u00e3o da campanha s\u00f3 foi poss\u00edvel gra\u00e7as ao apoio da  prefeitura da cidade de Cambori\u00fa, atrav\u00e9s da Secretaria da Agricultura e Meio  Ambiente. Al\u00e9m do empenho e envolvimento das empresas que fazem parte do N\u00facleo  de Inform\u00e1tica da Acibalc, destaque tamb\u00e9m para a participa\u00e7\u00e3o do CDL de  Cambori\u00fa e do Sindicato dos Trabalhadores Rurais de Cambori\u00fa.<\/p>\n<p>Atrav\u00e9s da primeira edi\u00e7\u00e3o da campanha, realizada em novembro do ano passado,  foram recolhidas 7,3 toneladas de materiais.<\/p>\n<p>Processo de recolhimento do E-lixo<br \/>\nAp\u00f3s a entrega dos equipamentos que n\u00e3o  atendem mais \u00e0s necessidades dos seus propriet\u00e1rios, o chamado \u201cE-Lixo\u201d \u00e9 levado  para uma empresa especializada em reciclagem. Todos os recursos arrecadados com  a venda desses materiais \u00e0 empresa s\u00e3o doados \u00e0 cooperativa de catadores e a  \u00f3rg\u00e3os assistenciais.<br \/>\nFIQUE POR DENTRO<\/p>\n<p>O que \u00e9 lixo eletr\u00f4nico?<br \/>\nApesar de todas as inova\u00e7\u00f5es tecnol\u00f3gicas que  aparecem a cada minuto, os antigos aparelhos, aqueles que n\u00e3o t\u00eam mais  utilidade, acabam sendo dispensados sem receber um tratamento adequado. E, da  mesma forma que os alimentos que consumimos geram res\u00edduos, com a tecnologia \u00e9 o  mesmo processo e, dessa forma, pode gerar preju\u00edzos bem s\u00e9rios \u00e0 natureza.<\/p>\n<p>No caso do \u201cE-Lixo\u201d \u00e9 ainda mais preocupante j\u00e1 que possui elementos t\u00f3xicos  que podem contaminar o ar, a \u00e1gua e o solo, com resultados irrepar\u00e1veis. Por  isso, antes de \u201cjogar fora\u201d um equipamento, verifique realmente se o material  n\u00e3o pode ser aproveitado por um familiar, um colega ou amigo. Caso contr\u00e1rio,  fa\u00e7a a doa\u00e7\u00e3o para \u00f3rg\u00e3os e\/ou empresas que saber\u00e3o levar esse lixo para o  destino certo.<\/p>\n<p>Voc\u00ea sabia?<br \/>\nUm estudo realizado pela ONU indica que o Brasil \u00e9 o mercado  emergente que gera o maior volume de lixo eletr\u00f4nico per capita a cada ano.<\/p>\n<p>Tipos de lixo eletr\u00f4nico:<br \/>\nMonitores, CPUs, celulares, secadores de cabelo,  ferros el\u00e9tricos, mouses, microondas, teclados, r\u00e1dios, televis\u00f5es, m\u00e1quinas  fotogr\u00e1ficas, DVDs, filmadoras, liquidificadores, cafeteiras, etc.<\/p>\n<p>Mais informa\u00e7\u00f5es sobre a 2\u00aa Semana de Lixo Eletr\u00f4nico podem ser obtidas pelo  tel.: (47) 3363-0700 ou atrav\u00e9s do site: <a href=\"http:\/\/www.acibalc.com.br\" target=\"_blank\">www.acibalc.com.br<\/a><\/p>\n<p>&nbsp;<\/p>\n","protected":false},"excerpt":{"rendered":"<p>J\u00e1 est\u00e1 confirmada: a segunda edi\u00e7\u00e3o da campanha \u201cSemana do Lixo Eletr\u00f4nico\u201d organizada pelo N\u00facleo de Inform\u00e1tica da Acibalc (Associa\u00e7\u00e3o Empresarial de Balne\u00e1rio Cambori\u00fa e Cambori\u00fa) acontecer\u00e1 entre os dias 28 de mar\u00e7o e 1\u00ba de abril. Nesse per\u00edodo, as empresas que possuem aparelhos e equipamentos eletr\u00f4nicos que est\u00e3o em desuso ou que n\u00e3o atendem [&hellip;]<\/p>\n","protected":false},"author":3,"featured_media":0,"comment_status":"open","ping_status":"open","sticky":false,"template":"","format":"standard","meta":{"tdm_status":"","tdm_grid_status":"","footnotes":""},"categories":[22],"tags":[],"class_list":{"0":"post-34057","1":"post","2":"type-post","3":"status-publish","4":"format-standard","6":"category-brasil"},"_links":{"self":[{"href":"https:\/\/migracao.redenoticia.com.br\/noticia\/wp-json\/wp\/v2\/posts\/34057","targetHints":{"allow":["GET"]}}],"collection":[{"href":"https:\/\/migracao.redenoticia.com.br\/noticia\/wp-json\/wp\/v2\/posts"}],"about":[{"href":"https:\/\/migracao.redenoticia.com.br\/noticia\/wp-json\/wp\/v2\/types\/post"}],"author":[{"embeddable":true,"href":"https:\/\/migracao.redenoticia.com.br\/noticia\/wp-json\/wp\/v2\/users\/3"}],"replies":[{"embeddable":true,"href":"https:\/\/migracao.redenoticia.com.br\/noticia\/wp-json\/wp\/v2\/comments?post=34057"}],"version-history":[{"count":0,"href":"https:\/\/migracao.redenoticia.com.br\/noticia\/wp-json\/wp\/v2\/posts\/34057\/revisions"}],"wp:attachment":[{"href":"https:\/\/migracao.redenoticia.com.br\/noticia\/wp-json\/wp\/v2\/media?parent=34057"}],"wp:term":[{"taxonomy":"category","embeddable":true,"href":"https:\/\/migracao.redenoticia.com.br\/noticia\/wp-json\/wp\/v2\/categories?post=34057"},{"taxonomy":"post_tag","embeddable":true,"href":"https:\/\/migracao.redenoticia.com.br\/noticia\/wp-json\/wp\/v2\/tags?post=34057"}],"curies":[{"name":"wp","href":"https:\/\/api.w.org\/{rel}","templated":true}]}}