{"id":34063,"date":"2011-03-15T15:28:21","date_gmt":"2011-03-15T19:28:21","guid":{"rendered":"http:\/\/www.redenoticia.com.br\/noticia\/?p=34063"},"modified":"2011-03-15T15:28:21","modified_gmt":"2011-03-15T19:28:21","slug":"inscricoes-para-programa-de-estagio-da-ambev","status":"publish","type":"post","link":"https:\/\/migracao.redenoticia.com.br\/noticia\/2011\/inscricoes-para-programa-de-estagio-da-ambev\/34063","title":{"rendered":"Inscri\u00e7\u00f5es para programa de Est\u00e1gio da Ambev"},"content":{"rendered":"<p>Est\u00e3o abertas as inscri\u00e7\u00f5es para o <em><strong>Programa de Est\u00e1gio da Ambev<\/strong><\/em>. A ficha de  inscri\u00e7\u00e3o est\u00e1 dispon\u00edvel no site <a href=\"http:\/\/www.estagioambev.com.br\/\" target=\"_blank\">www.estagioambev.com.br<\/a>. O objetivo do  programa \u00e9 estimular o potencial dos futuros profissionais, valorizando suas  ideias e colocando-os em contato com projetos e marcas de uma das maiores  empresas do pa\u00eds. Os interessados podem de candidatar at\u00e9 13\/5.<\/p>\n<p>Podem concorrer \u00e0s vagas os candidatos que estiverem cursando o pen\u00faltimo ou  \u00faltimo ano do ensino superior e que possuam ingl\u00eas intermedi\u00e1rio. A sele\u00e7\u00e3o \u00e9  composta por provas de ingl\u00eas, portugu\u00eas e racioc\u00ednio l\u00f3gico, al\u00e9m de din\u00e2micas  de grupo e entrevista individual nas unidades da Ambev.<\/p>\n<p>Ap\u00f3s a inscri\u00e7\u00e3o, o concorrente dever\u00e1 consultar periodicamente o site para  verificar as datas das provas, que ser\u00e3o realizadas via web at\u00e9 20\/5. O  candidato que n\u00e3o realizar a prova no prazo determinado na mensagem de  convoca\u00e7\u00e3o ser\u00e1 considerado desistente.<\/p>\n<p>No site, o candidato pode obter informa\u00e7\u00f5es sobre o andamento do processo,  resultado das etapas e poss\u00edveis convoca\u00e7\u00f5es para provas futuras. Todas as fases  s\u00e3o conduzidas por profissionais habilitados e treinados para a fun\u00e7\u00e3o.<br \/>\nSobre a Ambev<br \/>\nSer a &#8220;Melhor Empresa de Bebidas do Mundo em um Mundo  Melhor&#8221;. Esta \u00e9 a miss\u00e3o da Ambev, empresa de capital aberto, sediada em S\u00e3o  Paulo, no Brasil, com opera\u00e7\u00f5es em 14 pa\u00edses das Am\u00e9ricas (Argentina, Brasil,  Bol\u00edvia, Canad\u00e1, Chile, El Salvador, Equador, Guatemala, Nicar\u00e1gua, Paraguai,  Peru, Rep\u00fablica Dominicana, Uruguai e Venezuela). Dona de um portf\u00f3lio de  &#8220;estrelas&#8221; como Antarctica, Brahma, Bohemia, Skol, Original, Stella Artois; os  refrigerantes Guaran\u00e1 Antarctica, Soda, Pepsi e Sukita, al\u00e9m das inova\u00e7\u00f5es H2OH!  e Guarah!, a Ambev \u00e9 l\u00edder no ranking das cervejarias na Am\u00e9rica Latina.<\/p>\n<p>Reconhecida como uma das melhores empresas para se trabalhar, a Ambev  tem em seus funcion\u00e1rios &#8211; 29 mil s\u00f3 no Brasil &#8211; sua maior fortaleza. Por isso,  investe continuamente no desenvolvimento e sucesso de sua Gente, que \u00e9  incentivada a se sentir dona da companhia e pensar grande. Pioneira, desenvolve  o Programa Ambev de Consumo Respons\u00e1vel h\u00e1 sete anos, fazendo campanhas de  conscientiza\u00e7\u00e3o sobre o uso indevido do \u00e1lcool, norteadas pelas premissas da  Organiza\u00e7\u00e3o Mundial da Sa\u00fade (OMS).<\/p>\n<p>Sua reconhecida excel\u00eancia em gest\u00e3o  gera retorno aos seus acionistas e garante atua\u00e7\u00e3o sustent\u00e1vel. No ano 2010,  atingiu volume de vendas de 165,14 milh\u00f5es de hectolitros de bebidas e receita  l\u00edquida de R$ 25 bilh\u00f5es, um crescimento de 13,2% em rela\u00e7\u00e3o ao ano de 2009.  Refer\u00eancia em pr\u00e1ticas ambientais, a Ambev assumiu o compromisso de reduzir  ainda mais o consumo de \u00e1gua (11%), a emiss\u00e3o de CO2 (10%) e tamb\u00e9m reaproveitar  quase a totalidade (99%) dos res\u00edduos da produ\u00e7\u00e3o, at\u00e9 2012.<\/p>\n<p>&nbsp;<\/p>\n","protected":false},"excerpt":{"rendered":"<p>Est\u00e3o abertas as inscri\u00e7\u00f5es para o Programa de Est\u00e1gio da Ambev. A ficha de inscri\u00e7\u00e3o est\u00e1 dispon\u00edvel no site www.estagioambev.com.br. O objetivo do programa \u00e9 estimular o potencial dos futuros profissionais, valorizando suas ideias e colocando-os em contato com projetos e marcas de uma das maiores empresas do pa\u00eds. Os interessados podem de candidatar at\u00e9 [&hellip;]<\/p>\n","protected":false},"author":3,"featured_media":0,"comment_status":"open","ping_status":"open","sticky":false,"template":"","format":"standard","meta":{"tdm_status":"","tdm_grid_status":"","footnotes":""},"categories":[22,352,370],"tags":[],"class_list":{"0":"post-34063","1":"post","2":"type-post","3":"status-publish","4":"format-standard","6":"category-brasil","7":"category-concursos","8":"category-inscricao"},"_links":{"self":[{"href":"https:\/\/migracao.redenoticia.com.br\/noticia\/wp-json\/wp\/v2\/posts\/34063","targetHints":{"allow":["GET"]}}],"collection":[{"href":"https:\/\/migracao.redenoticia.com.br\/noticia\/wp-json\/wp\/v2\/posts"}],"about":[{"href":"https:\/\/migracao.redenoticia.com.br\/noticia\/wp-json\/wp\/v2\/types\/post"}],"author":[{"embeddable":true,"href":"https:\/\/migracao.redenoticia.com.br\/noticia\/wp-json\/wp\/v2\/users\/3"}],"replies":[{"embeddable":true,"href":"https:\/\/migracao.redenoticia.com.br\/noticia\/wp-json\/wp\/v2\/comments?post=34063"}],"version-history":[{"count":0,"href":"https:\/\/migracao.redenoticia.com.br\/noticia\/wp-json\/wp\/v2\/posts\/34063\/revisions"}],"wp:attachment":[{"href":"https:\/\/migracao.redenoticia.com.br\/noticia\/wp-json\/wp\/v2\/media?parent=34063"}],"wp:term":[{"taxonomy":"category","embeddable":true,"href":"https:\/\/migracao.redenoticia.com.br\/noticia\/wp-json\/wp\/v2\/categories?post=34063"},{"taxonomy":"post_tag","embeddable":true,"href":"https:\/\/migracao.redenoticia.com.br\/noticia\/wp-json\/wp\/v2\/tags?post=34063"}],"curies":[{"name":"wp","href":"https:\/\/api.w.org\/{rel}","templated":true}]}}