{"id":34074,"date":"2011-03-16T10:32:22","date_gmt":"2011-03-16T14:32:22","guid":{"rendered":"http:\/\/www.redenoticia.com.br\/noticia\/?p=34074"},"modified":"2011-03-16T10:32:22","modified_gmt":"2011-03-16T14:32:22","slug":"carrefour-oferece-400-vagas-na-grande-sao-paulo","status":"publish","type":"post","link":"https:\/\/migracao.redenoticia.com.br\/noticia\/2011\/carrefour-oferece-400-vagas-na-grande-sao-paulo\/34074","title":{"rendered":"Carrefour oferece 400 vagas na Grande S\u00e3o Paulo"},"content":{"rendered":"<p>O <em><strong>Carrefour<\/strong><\/em> inicia processo de <em><strong>sele\u00e7\u00e3o para vagas efetivas<\/strong><\/em> em suas lojas  localizadas na Grande S\u00e3o Paulo. S\u00e3o 400 novos postos de trabalho, dispon\u00edveis  para os cargos de fiscal de loja, operador de caixa, repositor, promotor de  vendas e frentista.<\/p>\n<p>As inscri\u00e7\u00f5es para o processo seletivo j\u00e1 est\u00e3o abertas e v\u00e3o at\u00e9 o dia 31 de  mar\u00e7o. Os interessados devem entregar o curr\u00edculo no balc\u00e3o de atendimento da  loja mais pr\u00f3xima \u00e0 sua resid\u00eancia, ou na c\u00e9lula de Recursos Humanos do  Carrefour, localizada na rua do manifesto, 931, no Ipiranga. O Carrefour oferece  aos seus funcion\u00e1rios assist\u00eancia m\u00e9dico-hospitalar e odontol\u00f3gica, conv\u00eanio com  farm\u00e1cia e \u00f3tica, Cart\u00e3o Carrefour, plano de previd\u00eancia privada, seguro de  vida, restaurante no local e vale-transporte.<\/p>\n<p>As etapas da sele\u00e7\u00e3o envolvem triagem de curr\u00edculo, entrevistas, din\u00e2micas de  grupo, al\u00e9m de exames m\u00e9dicos. A carga hor\u00e1ria de trabalho \u00e9 de 24 ou 44 horas  semanais. \u00c9 necess\u00e1rio que os candidatos tenham disponibilidade de hor\u00e1rio.<\/p>\n<p>Vagas \/ Requisitos<\/p>\n<p>Repositores<br \/>\nCandidatos com 2\u00ba grau completo, para atuar na \u00e1rea de  reposi\u00e7\u00e3o de produtos t\u00eaxteis, utilidades do lar, papelaria, ferramentas,  brinquedos, eletrodom\u00e9sticos, alimentos n\u00e3o perec\u00edveis, congelados, bebidas,  produtos de limpeza e higiene pessoal e reposi\u00e7\u00e3o em geral.<\/p>\n<p>Operador de Caixa<br \/>\nCandidatos cursando 2\u00ba grau, com ou sem experi\u00eancia em  caixa, para atuar no registro e recebimento das mercadorias, priorizando o bom  atendimento ao cliente.<\/p>\n<p>Fiscais de Loja<br \/>\nCom 2\u00ba grau completo, com ou sem experi\u00eancia na \u00e1rea,  para atuar na fiscaliza\u00e7\u00e3o e controle de movimenta\u00e7\u00e3o de mercadorias e pessoal,  controle de quebras, monitoramento de c\u00e2meras, seguran\u00e7a patrimonial e  orienta\u00e7\u00e3o ao p\u00fablico.<\/p>\n<p>Promotor de Vendas:<br \/>\nCandidatos com 2\u00ba grau completo, com habilidade na  \u00e1rea de vendas, para atuar no setor de cart\u00f5es com a venda de servi\u00e7os e  seguros.<\/p>\n<p>Frentista:<br \/>\nCandidatos com 2\u00ba grau completo, sem experi\u00eancia, com  habilidade na venda de produtos e servi\u00e7os de abastecimento de combust\u00edvel.<\/p>\n<p>&nbsp;<\/p>\n","protected":false},"excerpt":{"rendered":"<p>O Carrefour inicia processo de sele\u00e7\u00e3o para vagas efetivas em suas lojas localizadas na Grande S\u00e3o Paulo. S\u00e3o 400 novos postos de trabalho, dispon\u00edveis para os cargos de fiscal de loja, operador de caixa, repositor, promotor de vendas e frentista. As inscri\u00e7\u00f5es para o processo seletivo j\u00e1 est\u00e3o abertas e v\u00e3o at\u00e9 o dia 31 [&hellip;]<\/p>\n","protected":false},"author":3,"featured_media":0,"comment_status":"open","ping_status":"open","sticky":false,"template":"","format":"standard","meta":{"tdm_status":"","tdm_grid_status":"","footnotes":""},"categories":[22,370,353],"tags":[],"class_list":{"0":"post-34074","1":"post","2":"type-post","3":"status-publish","4":"format-standard","6":"category-brasil","7":"category-inscricao","8":"category-oportunidades"},"_links":{"self":[{"href":"https:\/\/migracao.redenoticia.com.br\/noticia\/wp-json\/wp\/v2\/posts\/34074","targetHints":{"allow":["GET"]}}],"collection":[{"href":"https:\/\/migracao.redenoticia.com.br\/noticia\/wp-json\/wp\/v2\/posts"}],"about":[{"href":"https:\/\/migracao.redenoticia.com.br\/noticia\/wp-json\/wp\/v2\/types\/post"}],"author":[{"embeddable":true,"href":"https:\/\/migracao.redenoticia.com.br\/noticia\/wp-json\/wp\/v2\/users\/3"}],"replies":[{"embeddable":true,"href":"https:\/\/migracao.redenoticia.com.br\/noticia\/wp-json\/wp\/v2\/comments?post=34074"}],"version-history":[{"count":0,"href":"https:\/\/migracao.redenoticia.com.br\/noticia\/wp-json\/wp\/v2\/posts\/34074\/revisions"}],"wp:attachment":[{"href":"https:\/\/migracao.redenoticia.com.br\/noticia\/wp-json\/wp\/v2\/media?parent=34074"}],"wp:term":[{"taxonomy":"category","embeddable":true,"href":"https:\/\/migracao.redenoticia.com.br\/noticia\/wp-json\/wp\/v2\/categories?post=34074"},{"taxonomy":"post_tag","embeddable":true,"href":"https:\/\/migracao.redenoticia.com.br\/noticia\/wp-json\/wp\/v2\/tags?post=34074"}],"curies":[{"name":"wp","href":"https:\/\/api.w.org\/{rel}","templated":true}]}}