{"id":34084,"date":"2011-03-17T10:02:19","date_gmt":"2011-03-17T14:02:19","guid":{"rendered":"http:\/\/www.redenoticia.com.br\/noticia\/?p=34084"},"modified":"2011-03-17T10:02:19","modified_gmt":"2011-03-17T14:02:19","slug":"projetos-de-melhoria-do-ensino-podem-valer-bolsa-em-portugal","status":"publish","type":"post","link":"https:\/\/migracao.redenoticia.com.br\/noticia\/2011\/projetos-de-melhoria-do-ensino-podem-valer-bolsa-em-portugal\/34084","title":{"rendered":"Projetos de melhoria do ensino podem valer bolsa em Portugal"},"content":{"rendered":"<p>A Coordena\u00e7\u00e3o de Aperfei\u00e7oamento de Pessoal de N\u00edvel Superior (Capes), em  parceria com a Universidade de Coimbra, de Portugal, lan\u00e7ou nesta quarta-feira,  16, a nova edi\u00e7\u00e3o do <em><strong>Programa de Licenciaturas Internacionais Capes-UC<\/strong><\/em>, que  seleciona <em><strong>projetos de melhoria do ensino<\/strong><\/em> e da qualidade na forma\u00e7\u00e3o inicial de  professores nas \u00e1reas de qu\u00edmica, f\u00edsica, matem\u00e1tica, biologia, portugu\u00eas, artes  e educa\u00e7\u00e3o f\u00edsica. As inscri\u00e7\u00f5es v\u00e3o at\u00e9 o dia 28 de  abril.<\/p>\n<p>O objetivo \u00e9 estimular o interc\u00e2mbio de estudantes de  gradua\u00e7\u00e3o em licenciaturas em n\u00edvel de gradua\u00e7\u00e3o-sandu\u00edche, com apoio do Grupo  Coimbra de Universidades Brasileiras (GCUB). Os projetos de parceria  institucional selecionados ter\u00e3o atividades iniciadas em setembro de  2011.<\/p>\n<p>Modalidades de Apoio \u2013 Para os estudantes  brasileiros de gradua\u00e7\u00e3o, cujo per\u00edodo de perman\u00eancia no exterior deve ser de 24  meses, os benef\u00edcios s\u00e3o seguro sa\u00fade e aux\u00edlio instala\u00e7\u00e3o, pagos em uma \u00fanica  vez, no Brasil; bolsa no valor de \u20ac 600 por m\u00eas, e passagem a\u00e9rea.<\/p>\n<p>O  programa prev\u00ea, ainda, miss\u00f5es de trabalho, com dura\u00e7\u00e3o m\u00ednima de dez e m\u00e1xima  de 30 dias, com o objetivo de facilitar a integra\u00e7\u00e3o dos alunos \u00e0 nova cultura  universit\u00e1ria; ajustar as respectivas estruturas curriculares; acompanhar o  desenvolvimento do projeto; avaliar os seus impactos; manter comunica\u00e7\u00e3o  permanente entre as institui\u00e7\u00f5es envolvidas, e sistematizar informa\u00e7\u00f5es a  respeito do programa que possibilitem a gera\u00e7\u00e3o de banco de dados.<\/p>\n<p>Entre  os benef\u00edcios est\u00e3o seguro sa\u00fade e di\u00e1rias, al\u00e9m de passagens a\u00e9reas de ida e  volta, no trecho Brasil-Portugal. O n\u00famero m\u00e1ximo de participantes \u00e9 de duas  pessoas por ano, incluindo o coordenador do projeto. Os recursos devem ser  utilizados conforme previsto no <a href=\"http:\/\/www.capes.gov.br\/bolsas\/auxilios-a-pesquisa\" target=\"_blank\">Manual<\/a> de  concess\u00e3o e presta\u00e7\u00e3o de contas de aux\u00edlio financeiro a  pesquisador.<\/p>\n<p>Ser\u00e3o apoiados at\u00e9 30 projetos. Cada projeto poder\u00e1  contemplar at\u00e9 sete estudantes, totalizando o n\u00famero m\u00e1ximo de 210  estudantes.<\/p>\n<p>Candidaturas \u2013 Para inscri\u00e7\u00e3o, as propostas  devem ter car\u00e1ter institucional e priorizar a\u00e7\u00f5es preferencialmente para um  conjunto de cursos de licenciatura da respectiva institui\u00e7\u00e3o. Al\u00e9m disso, a  institui\u00e7\u00e3o brasileira deve possuir acordo com a Universidade de Coimbra, em  Portugal, e ser membro de rede de universidades com voca\u00e7\u00e3o para coopera\u00e7\u00e3o  internacional. O coordenador deve ser um docente com t\u00edtulo de doutor h\u00e1 pelo  menos cinco anos, que detenha reconhecida compet\u00eancia na \u00e1rea e disponibilidade  de tempo para as atividades acad\u00eamicas e administrativas referentes ao projeto.  A equipe deve ter, ainda, pelo menos outros dois docentes doutores.<\/p>\n<p>Os  bolsistas devem ter cursado dois semestres da gradua\u00e7\u00e3o (licenciatura ou sistema  de ciclos) nas \u00e1reas elencadas no <a href=\"http:\/\/www.capes.gov.br\/images\/stories\/download\/editais\/Edital008_LicencIntern_UnivCoimbra.pdf\" target=\"_blank\">edital<\/a>,  ter cursado todo o ensino m\u00e9dio e pelo menos dois anos do ensino fundamental em  escolas p\u00fablicas brasileiras e ter obtido aprova\u00e7\u00e3o integral nos estudos  realizados.<\/p>\n<p>Outros requisitos para inscri\u00e7\u00e3o encontram-se no  edital.<\/p>\n<p>Inscri\u00e7\u00e3o \u2013 As inscri\u00e7\u00f5es ser\u00e3o gratuitas e  efetuadas por meio do preenchimento de formul\u00e1rios e envio de documentos  discriminados no edital, exclusivamente via internet, pela <a href=\"http:\/\/www.capes.gov.br\/cooperacao-internacional\/portugal\/licenciaturas-internacionais\" target=\"_blank\">p\u00e1gina<\/a> da Capes. A documenta\u00e7\u00e3o complementar dever\u00e1 ser inclu\u00edda, obrigatoriamente, no  ato do preenchimento da inscri\u00e7\u00e3o na internet, em arquivo eletr\u00f4nico.<\/p>\n<p>A  sele\u00e7\u00e3o se desenvolver\u00e1 em quatro fases, todas de car\u00e1ter eliminat\u00f3rio, sendo  elas verifica\u00e7\u00e3o da consist\u00eancia documental, an\u00e1lise de m\u00e9rito, prioriza\u00e7\u00e3o das  propostas e reuni\u00e3o conjunta. Os resultados ser\u00e3o divulgados em agosto deste  ano.<\/p>\n<p>Mais informa\u00e7\u00f5es podem ser obtidas pelo endere\u00e7o eletr\u00f4nico <script type=\"text\/javascript\"><\/script> cpro@capes.gov.br <script type=\"text\/javascript\"><\/script> Este endere\u00e7o de e-mail est\u00e1 protegido contra  spambots. Voc\u00ea deve habilitar o JavaScript para visualiz\u00e1-lo. <script type=\"text\/javascript\"><\/script> .<\/p>\n<p>Assessoria de Comunica\u00e7\u00e3o da Capes<\/p>\n","protected":false},"excerpt":{"rendered":"<p>A Coordena\u00e7\u00e3o de Aperfei\u00e7oamento de Pessoal de N\u00edvel Superior (Capes), em parceria com a Universidade de Coimbra, de Portugal, lan\u00e7ou nesta quarta-feira, 16, a nova edi\u00e7\u00e3o do Programa de Licenciaturas Internacionais Capes-UC, que seleciona projetos de melhoria do ensino e da qualidade na forma\u00e7\u00e3o inicial de professores nas \u00e1reas de qu\u00edmica, f\u00edsica, matem\u00e1tica, biologia, portugu\u00eas, [&hellip;]<\/p>\n","protected":false},"author":3,"featured_media":0,"comment_status":"open","ping_status":"open","sticky":false,"template":"","format":"standard","meta":{"tdm_status":"","tdm_grid_status":"","footnotes":""},"categories":[22,351,370],"tags":[],"class_list":{"0":"post-34084","1":"post","2":"type-post","3":"status-publish","4":"format-standard","6":"category-brasil","7":"category-cursos","8":"category-inscricao"},"_links":{"self":[{"href":"https:\/\/migracao.redenoticia.com.br\/noticia\/wp-json\/wp\/v2\/posts\/34084","targetHints":{"allow":["GET"]}}],"collection":[{"href":"https:\/\/migracao.redenoticia.com.br\/noticia\/wp-json\/wp\/v2\/posts"}],"about":[{"href":"https:\/\/migracao.redenoticia.com.br\/noticia\/wp-json\/wp\/v2\/types\/post"}],"author":[{"embeddable":true,"href":"https:\/\/migracao.redenoticia.com.br\/noticia\/wp-json\/wp\/v2\/users\/3"}],"replies":[{"embeddable":true,"href":"https:\/\/migracao.redenoticia.com.br\/noticia\/wp-json\/wp\/v2\/comments?post=34084"}],"version-history":[{"count":0,"href":"https:\/\/migracao.redenoticia.com.br\/noticia\/wp-json\/wp\/v2\/posts\/34084\/revisions"}],"wp:attachment":[{"href":"https:\/\/migracao.redenoticia.com.br\/noticia\/wp-json\/wp\/v2\/media?parent=34084"}],"wp:term":[{"taxonomy":"category","embeddable":true,"href":"https:\/\/migracao.redenoticia.com.br\/noticia\/wp-json\/wp\/v2\/categories?post=34084"},{"taxonomy":"post_tag","embeddable":true,"href":"https:\/\/migracao.redenoticia.com.br\/noticia\/wp-json\/wp\/v2\/tags?post=34084"}],"curies":[{"name":"wp","href":"https:\/\/api.w.org\/{rel}","templated":true}]}}