{"id":34091,"date":"2011-03-17T11:05:56","date_gmt":"2011-03-17T15:05:56","guid":{"rendered":"http:\/\/www.redenoticia.com.br\/noticia\/?p=34091"},"modified":"2011-03-17T11:05:56","modified_gmt":"2011-03-17T15:05:56","slug":"visita-de-barack-obama-tem-carater-simbolico-diz-sarney","status":"publish","type":"post","link":"https:\/\/migracao.redenoticia.com.br\/noticia\/2011\/visita-de-barack-obama-tem-carater-simbolico-diz-sarney\/34091","title":{"rendered":"Visita de Barack Obama tem car\u00e1ter simb\u00f3lico, diz Sarney"},"content":{"rendered":"<div>\n<div>\n<p>A visita do presidente americano <em><strong>Barack Obama\u00a0ao Brasil<\/strong><\/em>, neste fim de semana,  ter\u00e1 um car\u00e1ter muito mais simb\u00f3lico do que \u201cmudan\u00e7as imediatas\u201d na rela\u00e7\u00e3o  entre os dois pa\u00edses. A afirma\u00e7\u00e3o \u00e9 do presidente do Senado, Jos\u00e9 Sarney  (PMDB-AP), para quem o Brasil e os Estados Unidos t\u00eam, hoje, uma \u201crela\u00e7\u00e3o  madura, boa e estabilizada\u201d.<\/p>\n<p>\u201cSobretudo \u00e9 um gesto simb\u00f3lico, porque todos os interesses estrat\u00e9gicos dos  Estados Unidos est\u00e3o estabilizados a partir da Am\u00e9rica do Norte\u201d, disse o  presidente do Congresso Nacional, que participar\u00e1 do almo\u00e7o oferecido a Obama,  no s\u00e1bado (19), no Itamaraty. O card\u00e1pio inclui picanha, farofa e bai\u00e3o de dois  (prato sertanejo feito com feij\u00e3o de corda, paio, arroz e queijo de coalho).<\/p>\n<p>Parcerias nas \u00e1reas de educa\u00e7\u00e3o, ci\u00eancia, tecnologia e inova\u00e7\u00e3o, assim como  acordos econ\u00f4micos e comerciais, dever\u00e3o dominar as conversas de Obama com a  presidenta Dilma Rousseff no s\u00e1bado. Os assuntos ter\u00e3o destaque no comunicado  conjunto que ser\u00e1 feito pelos dois presidentes.<\/p>\n<p>Os assessores brasileiros e norte-americanos finalizam nove  textos que dever\u00e3o ser assinados estabelecendo acordos, memorandos e comunicados  comuns. Dilma e Obama far\u00e3o uma declara\u00e7\u00e3o conjunta \u00e0 imprensa no fim da manh\u00e3  de s\u00e1bado, depois da reuni\u00e3o das duas delega\u00e7\u00f5es.<\/p>\n<p>Marcos Chagas e Renata Giraldi<br \/>\nRep\u00f3rteres da Ag\u00eancia Brasil<\/p>\n<p>Edi\u00e7\u00e3o: Juliana Andrade<\/p>\n<\/div>\n<\/div>\n","protected":false},"excerpt":{"rendered":"<p>A visita do presidente americano Barack Obama\u00a0ao Brasil, neste fim de semana, ter\u00e1 um car\u00e1ter muito mais simb\u00f3lico do que \u201cmudan\u00e7as imediatas\u201d na rela\u00e7\u00e3o entre os dois pa\u00edses. A afirma\u00e7\u00e3o \u00e9 do presidente do Senado, Jos\u00e9 Sarney (PMDB-AP), para quem o Brasil e os Estados Unidos t\u00eam, hoje, uma \u201crela\u00e7\u00e3o madura, boa e estabilizada\u201d. \u201cSobretudo [&hellip;]<\/p>\n","protected":false},"author":3,"featured_media":0,"comment_status":"open","ping_status":"open","sticky":false,"template":"","format":"standard","meta":{"tdm_status":"","tdm_grid_status":"","footnotes":""},"categories":[22,7],"tags":[],"class_list":{"0":"post-34091","1":"post","2":"type-post","3":"status-publish","4":"format-standard","6":"category-brasil","7":"category-economia"},"_links":{"self":[{"href":"https:\/\/migracao.redenoticia.com.br\/noticia\/wp-json\/wp\/v2\/posts\/34091","targetHints":{"allow":["GET"]}}],"collection":[{"href":"https:\/\/migracao.redenoticia.com.br\/noticia\/wp-json\/wp\/v2\/posts"}],"about":[{"href":"https:\/\/migracao.redenoticia.com.br\/noticia\/wp-json\/wp\/v2\/types\/post"}],"author":[{"embeddable":true,"href":"https:\/\/migracao.redenoticia.com.br\/noticia\/wp-json\/wp\/v2\/users\/3"}],"replies":[{"embeddable":true,"href":"https:\/\/migracao.redenoticia.com.br\/noticia\/wp-json\/wp\/v2\/comments?post=34091"}],"version-history":[{"count":0,"href":"https:\/\/migracao.redenoticia.com.br\/noticia\/wp-json\/wp\/v2\/posts\/34091\/revisions"}],"wp:attachment":[{"href":"https:\/\/migracao.redenoticia.com.br\/noticia\/wp-json\/wp\/v2\/media?parent=34091"}],"wp:term":[{"taxonomy":"category","embeddable":true,"href":"https:\/\/migracao.redenoticia.com.br\/noticia\/wp-json\/wp\/v2\/categories?post=34091"},{"taxonomy":"post_tag","embeddable":true,"href":"https:\/\/migracao.redenoticia.com.br\/noticia\/wp-json\/wp\/v2\/tags?post=34091"}],"curies":[{"name":"wp","href":"https:\/\/api.w.org\/{rel}","templated":true}]}}