{"id":34093,"date":"2011-03-17T11:11:44","date_gmt":"2011-03-17T15:11:44","guid":{"rendered":"http:\/\/www.redenoticia.com.br\/noticia\/?p=34093"},"modified":"2011-03-17T11:11:44","modified_gmt":"2011-03-17T15:11:44","slug":"resgate-de-brasileiros-no-japao","status":"publish","type":"post","link":"https:\/\/migracao.redenoticia.com.br\/noticia\/2011\/resgate-de-brasileiros-no-japao\/34093","title":{"rendered":"Resgate de brasileiros no Jap\u00e3o"},"content":{"rendered":"<div>\n<div>\n<p>Ag\u00eancia Brasil &#8211; a Embaixada do Brasil no <em><strong>Jap\u00e3o<\/strong><\/em> e o Consulado-Geral do Brasil em  T\u00f3quio preparam para amanh\u00e3 (18) uma nova opera\u00e7\u00e3o de <em><strong>resgate de brasileiros<\/strong><\/em> que  vivem na regi\u00e3o de Miyagi, onde est\u00e1 a cidade de Sendai, que sofreu tremores  intensos de terra e <em>tsunamis<\/em>. Ser\u00e3o enviados dois \u00f4nibus, um caminh\u00e3o e  uma <em>van<\/em> para a regi\u00e3o. O Minist\u00e9rio de Rela\u00e7\u00f5es Exteriores informou que  os brasileiros retirados de Sendai ser\u00e3o levados para T\u00f3quio.<\/p>\n<p>Anteontem (15) \u00a0foi resgatado um grupo de 25 brasileiros que moravam nas  \u00e1reas de Miyagi e Fukishima &#8211; onde houve os acidentes nucleares. Do total de 254  mil brasileiros que vivem no Jap\u00e3o, 777 estavam em \u00e1reas consideradas de risco  em decorr\u00eancia dos tremores de terra, <em>tsunamis<\/em> e acidentes  nucleares.<\/p>\n<p>As regi\u00f5es consideradas pelas autoridades como mais delicadas s\u00e3o Fukushima \u2013  por causa das explos\u00f5es e vazamentos nucleares \u2013 e Miyagi, Iwate e Aomori \u2013  amea\u00e7adas por causa dos acidentes naturais.<\/p>\n<p>De acordo com o Itamaraty, h\u00e1 um esquema de plant\u00e3o tanto na Embaixada do  Brasil no Jap\u00e3o, quanto nos tr\u00eas consulados em funcionamento no pa\u00eds.  Paralelamente, h\u00e1 funcion\u00e1rios da representa\u00e7\u00e3o brasileira que percorrem as  \u00e1reas mais atingidas para levantar as necessidades e entregar mantimentos.<\/p>\n<p>No <a href=\"http:\/\/www.consbrasil.org\/consulado\/\" target=\"_blank\"><em>site<\/em> do consulado  do Brasil em T\u00f3quio<\/a> h\u00e1 uma rela\u00e7\u00e3o dos locais que funcionam como abrigos em  v\u00e1rias cidades japonesas. \u00a0A maioria dos locais transformados em abrigos \u00e9 de  escolas prim\u00e1ria e secund\u00e1ria. Para mais informa\u00e7\u00f5es o endere\u00e7o eletr\u00f4nico \u00e9 o  do Setor de Assist\u00eancia a Brasileiros (assistencia@consbrasil.org).<\/p>\n<p>Renata Giraldi<br \/>\nRep\u00f3rter da Ag\u00eancia Brasil<\/p>\n<p>Edi\u00e7\u00e3o: Gra\u00e7a Adjuto<\/p>\n<\/div>\n<\/div>\n","protected":false},"excerpt":{"rendered":"<p>Ag\u00eancia Brasil &#8211; a Embaixada do Brasil no Jap\u00e3o e o Consulado-Geral do Brasil em T\u00f3quio preparam para amanh\u00e3 (18) uma nova opera\u00e7\u00e3o de resgate de brasileiros que vivem na regi\u00e3o de Miyagi, onde est\u00e1 a cidade de Sendai, que sofreu tremores intensos de terra e tsunamis. Ser\u00e3o enviados dois \u00f4nibus, um caminh\u00e3o e uma [&hellip;]<\/p>\n","protected":false},"author":3,"featured_media":0,"comment_status":"open","ping_status":"open","sticky":false,"template":"","format":"standard","meta":{"tdm_status":"","tdm_grid_status":"","footnotes":""},"categories":[22],"tags":[],"class_list":{"0":"post-34093","1":"post","2":"type-post","3":"status-publish","4":"format-standard","6":"category-brasil"},"_links":{"self":[{"href":"https:\/\/migracao.redenoticia.com.br\/noticia\/wp-json\/wp\/v2\/posts\/34093","targetHints":{"allow":["GET"]}}],"collection":[{"href":"https:\/\/migracao.redenoticia.com.br\/noticia\/wp-json\/wp\/v2\/posts"}],"about":[{"href":"https:\/\/migracao.redenoticia.com.br\/noticia\/wp-json\/wp\/v2\/types\/post"}],"author":[{"embeddable":true,"href":"https:\/\/migracao.redenoticia.com.br\/noticia\/wp-json\/wp\/v2\/users\/3"}],"replies":[{"embeddable":true,"href":"https:\/\/migracao.redenoticia.com.br\/noticia\/wp-json\/wp\/v2\/comments?post=34093"}],"version-history":[{"count":0,"href":"https:\/\/migracao.redenoticia.com.br\/noticia\/wp-json\/wp\/v2\/posts\/34093\/revisions"}],"wp:attachment":[{"href":"https:\/\/migracao.redenoticia.com.br\/noticia\/wp-json\/wp\/v2\/media?parent=34093"}],"wp:term":[{"taxonomy":"category","embeddable":true,"href":"https:\/\/migracao.redenoticia.com.br\/noticia\/wp-json\/wp\/v2\/categories?post=34093"},{"taxonomy":"post_tag","embeddable":true,"href":"https:\/\/migracao.redenoticia.com.br\/noticia\/wp-json\/wp\/v2\/tags?post=34093"}],"curies":[{"name":"wp","href":"https:\/\/api.w.org\/{rel}","templated":true}]}}