{"id":34102,"date":"2011-03-18T09:52:23","date_gmt":"2011-03-18T13:52:23","guid":{"rendered":"http:\/\/www.redenoticia.com.br\/noticia\/?p=34102"},"modified":"2011-03-18T09:52:23","modified_gmt":"2011-03-18T13:52:23","slug":"vacina-contra-gripe-sera-estendida-para-gestantes-e-menores-de-dois-anos","status":"publish","type":"post","link":"https:\/\/migracao.redenoticia.com.br\/noticia\/2011\/vacina-contra-gripe-sera-estendida-para-gestantes-e-menores-de-dois-anos\/34102","title":{"rendered":"Vacina contra gripe ser\u00e1 estendida para gestantes e menores de dois anos"},"content":{"rendered":"<p><em><strong>Vacina contra gripe<\/strong><\/em> &#8211;\u00a0A popula\u00e7\u00e3o coberta pela Campanha Nacional de <em><strong>Vacina\u00e7\u00e3o<\/strong><\/em> contra a Influenza do Sistema \u00danico de Sa\u00fade ser\u00e1 ampliada. A partir deste ano, al\u00e9m de idosos e popula\u00e7\u00f5es ind\u00edgenas, atendidos desde 1999, ser\u00e3o imunizadas crian\u00e7as entre seis meses e dois anos, gestantes e profissionais da sa\u00fade. O an\u00fancio foi feito nesta quinta-feira (17) pelo Minist\u00e9rio da Sa\u00fade.A vacina a ser distribu\u00edda protege contra os tr\u00eas principais v\u00edrus que circulam no hemisf\u00e9rio sul, entre eles o da influenza A (H1N1).<\/p>\n<p>A 13\u00aa Campanha Nacional de Vacina\u00e7\u00e3o acontecer\u00e1 de 25 de abril a 13 de maio em 65 mil postos em todo o Pa\u00eds. No s\u00e1bado seguinte ao in\u00edcio da campanha, 30 de abril, ocorrer\u00e1 o Dia de Mobiliza\u00e7\u00e3o Nacional para estimular a ida da popula\u00e7\u00e3o aos pontos de imuniza\u00e7\u00e3o.<\/p>\n<p>A amplia\u00e7\u00e3o do p\u00fablico da campanha foi definida pela Coordena\u00e7\u00e3o Geral do Programa Nacional de Imuniza\u00e7\u00f5es, com base em estudos epidemiol\u00f3gicos e observa\u00e7\u00e3o do comportamento das infec\u00e7\u00f5es respirat\u00f3rias, que t\u00eam como principal agente o v\u00edrus da influenza.<\/p>\n<p>As complica\u00e7\u00f5es da influenza (pneumonias bacterianas ou agravamento de doen\u00e7as cr\u00f4nicas j\u00e1 existentes, como diabetes e hipertens\u00e3o) s\u00e3o mais comuns nesses grupos &#8211; idosos e crian\u00e7as com idade entre seis meses e dois anos, al\u00e9m das gestantes, que tamb\u00e9m s\u00e3o muito vulner\u00e1veis. Neste caso, a principal forma de preven\u00e7\u00e3o \u00e9 a vacina\u00e7\u00e3o. A meta do Minist\u00e9rio da Sa\u00fade, estados e munic\u00edpios \u00e9 vacinar 80% da popula\u00e7\u00e3o alvo, o que representa cerca de 23,8 milh\u00f5es de pessoas.<\/p>\n<p>Investimento &#8211; Para a realiza\u00e7\u00e3o da campanha o Minist\u00e9rio da Sa\u00fade distribuiu cerca de 33 milh\u00f5es de doses da vacina contra a influenza, ao custo de R$ 229 milh\u00f5es. A esse investimento somam-se os recursos das transfer\u00eancias fundo a fundo realizadas para as secretarias de sa\u00fade estaduais e municipais, que podem aplic\u00e1-los na aquisi\u00e7\u00e3o de seringas, agulhas e outras despesas. A campanha conta ainda com recursos das pr\u00f3prias secretarias, possibilitando o funcionamento de aproximadamente 65 mil postos de vacina\u00e7\u00e3o.<\/p>\n<p>Quem ser\u00e1 vacinado &#8211; Popula\u00e7\u00e3o de 60 anos ou mais, ind\u00edgenas (acima de 6 meses de vida), crian\u00e7as com idade entre seis meses e dois anos, gestantes e profissionais de sa\u00fade.<\/p>\n<p>Contraindica\u00e7\u00f5es &#8211; N\u00e3o deve tomar a vacina quem tem alergia \u00e0 prote\u00edna do ovo. Pessoas com defici\u00eancia na produ\u00e7\u00e3o de anticorpos, seja por problemas gen\u00e9ticos, imunodefici\u00eancia ou terapia imunossupressora, devem consultar o m\u00e9dico primeiro.<\/p>\n","protected":false},"excerpt":{"rendered":"<p>Vacina contra gripe &#8211;\u00a0A popula\u00e7\u00e3o coberta pela Campanha Nacional de Vacina\u00e7\u00e3o contra a Influenza do Sistema \u00danico de Sa\u00fade ser\u00e1 ampliada. A partir deste ano, al\u00e9m de idosos e popula\u00e7\u00f5es ind\u00edgenas, atendidos desde 1999, ser\u00e3o imunizadas crian\u00e7as entre seis meses e dois anos, gestantes e profissionais da sa\u00fade. O an\u00fancio foi feito nesta quinta-feira (17) [&hellip;]<\/p>\n","protected":false},"author":3,"featured_media":0,"comment_status":"open","ping_status":"open","sticky":false,"template":"","format":"standard","meta":{"tdm_status":"","tdm_grid_status":"","footnotes":""},"categories":[22,5],"tags":[],"class_list":{"0":"post-34102","1":"post","2":"type-post","3":"status-publish","4":"format-standard","6":"category-brasil","7":"category-saude-e-vida"},"_links":{"self":[{"href":"https:\/\/migracao.redenoticia.com.br\/noticia\/wp-json\/wp\/v2\/posts\/34102","targetHints":{"allow":["GET"]}}],"collection":[{"href":"https:\/\/migracao.redenoticia.com.br\/noticia\/wp-json\/wp\/v2\/posts"}],"about":[{"href":"https:\/\/migracao.redenoticia.com.br\/noticia\/wp-json\/wp\/v2\/types\/post"}],"author":[{"embeddable":true,"href":"https:\/\/migracao.redenoticia.com.br\/noticia\/wp-json\/wp\/v2\/users\/3"}],"replies":[{"embeddable":true,"href":"https:\/\/migracao.redenoticia.com.br\/noticia\/wp-json\/wp\/v2\/comments?post=34102"}],"version-history":[{"count":0,"href":"https:\/\/migracao.redenoticia.com.br\/noticia\/wp-json\/wp\/v2\/posts\/34102\/revisions"}],"wp:attachment":[{"href":"https:\/\/migracao.redenoticia.com.br\/noticia\/wp-json\/wp\/v2\/media?parent=34102"}],"wp:term":[{"taxonomy":"category","embeddable":true,"href":"https:\/\/migracao.redenoticia.com.br\/noticia\/wp-json\/wp\/v2\/categories?post=34102"},{"taxonomy":"post_tag","embeddable":true,"href":"https:\/\/migracao.redenoticia.com.br\/noticia\/wp-json\/wp\/v2\/tags?post=34102"}],"curies":[{"name":"wp","href":"https:\/\/api.w.org\/{rel}","templated":true}]}}