{"id":3412,"date":"2009-06-22T10:04:03","date_gmt":"2009-06-22T14:04:03","guid":{"rendered":"http:\/\/www.redenoticia.com.br\/noticia\/?p=3412"},"modified":"2009-06-22T10:04:03","modified_gmt":"2009-06-22T14:04:03","slug":"programacao-do-evento-olho-vivo-no-dinheiro-publico","status":"publish","type":"post","link":"https:\/\/migracao.redenoticia.com.br\/noticia\/2009\/programacao-do-evento-olho-vivo-no-dinheiro-publico\/3412","title":{"rendered":"Programa\u00e7\u00e3o do Evento &#8220;Olho Vivo no Dinheiro P\u00fablico&#8221;"},"content":{"rendered":"<p>A Controladoria Geral da Uni\u00e3o no Estado de Rond\u00f4nia (CGU), ir\u00e1 realizar em Porto Velho, entre os dias 22 e 26 de junho, o evento \u201c<strong>Olho Vivo no Dinheiro P\u00fablico\u201d.<\/strong><strong> <\/strong><\/p>\n<p>A cerim\u00f4nia de abertura ser\u00e1 no dia 22 de junho, segunda-feira, \u00e0s 14h, no Teatro Banzeiros, da qual participar\u00e3o diversas autoridades p\u00fablicas municipais, estaduais e federais. Haver\u00e1 exposi\u00e7\u00e3o de dois pain\u00e9is, o primeiro com o tema<strong> <\/strong><strong>\u201cO Papel da CGU e do TCU no Fomento ao Controle Social\u201d,<\/strong><strong><\/strong> e o segundo com o tema \u201c<strong>Como o Controle Social Pode Interagir com o Minist\u00e9rio P\u00fablico\u201d.<\/strong><\/p>\n<p>A partir de ter\u00e7a-feira come\u00e7a o treinamento com cerca de 60 conselheiros, que ser\u00e1 realizado no Centro de Forma\u00e7\u00e3o dos Profissionais da Educa\u00e7\u00e3o. Eles receber\u00e3o aulas sobre \u201cLicita\u00e7\u00f5es e Contratos\u201d, \u201cConv\u00eanios\u201d, \u201cAn\u00e1lise de Presta\u00e7\u00e3o de Conta\u201d, \u201cComo Funciona do Programa Sa\u00fade da Fam\u00edlia em Porto Velho\u201d, \u201cComo Funciona o Bolsa Fam\u00edlia em Porto Velho\u201d, \u201cConhecendo o Fundeb\u201d, entre outros temas.<\/p>\n<p><strong>CGU<\/strong><\/p>\n<p>A CGU tem o papel de acompanhar e fiscalizar a aplica\u00e7\u00e3o dos recursos p\u00fablicos federais, sejam eles gastos diretamente pelo Governo Federal ou gastos pelos Estados, Munic\u00edpios ou Organiza\u00e7\u00f5es N\u00e3o Governamentais atrav\u00e9s de conv\u00eanios ou repasses. Neste controle, a CGU estimula a participa\u00e7\u00e3o popular, atrav\u00e9s do controle social da gest\u00e3o p\u00fablica.<\/p>\n<p>Um dos instrumentos para este controle social \u00e9 o Portal da Transpar\u00eancia (<a title=\"http:\/\/www.portaldatransparencia.gov.br\" href=\"http:\/\/www.portaldatransparencia.gov.br\/\" target=\"_blank\">www.portaldatransparencia.gov.br<\/a>), que j\u00e1 exp\u00f5e ao controle social R$ 5,569 trilh\u00f5es em recursos do or\u00e7amento p\u00fablico federal, dispostos em mais de 805 milh\u00f5es de unidades de informa\u00e7\u00f5es registradas. V\u00e1rias vezes premiado, inclusive pelas Na\u00e7\u00f5es Unidas, o Portal da Transpar\u00eancia brasileiro \u00e9 hoje refer\u00eancia internacional no combate a corrup\u00e7\u00e3o.<\/p>\n","protected":false},"excerpt":{"rendered":"<p>A Controladoria Geral da Uni\u00e3o no Estado de Rond\u00f4nia (CGU), ir\u00e1 realizar em Porto Velho, entre os dias 22 e 26 de junho, o evento \u201cOlho Vivo no Dinheiro P\u00fablico\u201d. A cerim\u00f4nia de abertura ser\u00e1 no dia 22 de junho, segunda-feira, \u00e0s 14h, no Teatro Banzeiros, da qual participar\u00e3o diversas autoridades p\u00fablicas municipais, estaduais e [&hellip;]<\/p>\n","protected":false},"author":2,"featured_media":0,"comment_status":"open","ping_status":"open","sticky":false,"template":"","format":"standard","meta":{"tdm_status":"","tdm_grid_status":"","footnotes":""},"categories":[22],"tags":[],"class_list":{"0":"post-3412","1":"post","2":"type-post","3":"status-publish","4":"format-standard","6":"category-brasil"},"_links":{"self":[{"href":"https:\/\/migracao.redenoticia.com.br\/noticia\/wp-json\/wp\/v2\/posts\/3412","targetHints":{"allow":["GET"]}}],"collection":[{"href":"https:\/\/migracao.redenoticia.com.br\/noticia\/wp-json\/wp\/v2\/posts"}],"about":[{"href":"https:\/\/migracao.redenoticia.com.br\/noticia\/wp-json\/wp\/v2\/types\/post"}],"author":[{"embeddable":true,"href":"https:\/\/migracao.redenoticia.com.br\/noticia\/wp-json\/wp\/v2\/users\/2"}],"replies":[{"embeddable":true,"href":"https:\/\/migracao.redenoticia.com.br\/noticia\/wp-json\/wp\/v2\/comments?post=3412"}],"version-history":[{"count":0,"href":"https:\/\/migracao.redenoticia.com.br\/noticia\/wp-json\/wp\/v2\/posts\/3412\/revisions"}],"wp:attachment":[{"href":"https:\/\/migracao.redenoticia.com.br\/noticia\/wp-json\/wp\/v2\/media?parent=3412"}],"wp:term":[{"taxonomy":"category","embeddable":true,"href":"https:\/\/migracao.redenoticia.com.br\/noticia\/wp-json\/wp\/v2\/categories?post=3412"},{"taxonomy":"post_tag","embeddable":true,"href":"https:\/\/migracao.redenoticia.com.br\/noticia\/wp-json\/wp\/v2\/tags?post=3412"}],"curies":[{"name":"wp","href":"https:\/\/api.w.org\/{rel}","templated":true}]}}