{"id":34159,"date":"2011-03-22T10:23:53","date_gmt":"2011-03-22T14:23:53","guid":{"rendered":"http:\/\/www.redenoticia.com.br\/noticia\/?p=34159"},"modified":"2011-03-22T10:23:53","modified_gmt":"2011-03-22T14:23:53","slug":"cni-industria-opera-abaixo-da-capacidade","status":"publish","type":"post","link":"https:\/\/migracao.redenoticia.com.br\/noticia\/2011\/cni-industria-opera-abaixo-da-capacidade\/34159","title":{"rendered":"CNI: Ind\u00fastria opera abaixo da capacidade"},"content":{"rendered":"<p>Pelo terceiro m\u00eas consecutivo, a ind\u00fastria operou abaixo do usual em  fevereiro, com o \u00cdndice de Utiliza\u00e7\u00e3o da Capacidade Instalada (UCI) atingindo 47  pontos, revela a <em><strong>pesquisa<\/strong><\/em> Sondagem Industrial, divulgada nesta ter\u00e7a-feira, 22  de mar\u00e7o, pela Confedera\u00e7\u00e3o Nacional da Ind\u00fastria (<em><strong>CNI<\/strong><\/em>). O \u00edndice varia de zero  a cem. Valores abaixo de 50 pontos representam UCI aqu\u00e9m do normalmente  registrado naquele m\u00eas.<\/p>\n<p>Em janeiro, a UCI havia registrado 45,2 pontos e, em dezembro de 2010,  48,2 pontos. O economista da CNI Marcelo Azevedo explicou que a UCI ficou abaixo  do que comumente se observa nos meses de fevereiro por recuo na demanda, de um  lado, e pela concorr\u00eancia das importa\u00e7\u00f5es, de outro. \u201cAs medidas de restri\u00e7\u00e3o ao  cr\u00e9dito tomadas pelo Banco Central no final do ano passado e o aumento da taxa  de juros, bem como o an\u00fancio do corte de gastos do governo, j\u00e1 se refletiram na  demanda\u201d, assinala ele.<\/p>\n<p>A Sondagem Industrial informa que a produ\u00e7\u00e3o em fevereiro alcan\u00e7ou 51  pontos, acima dos 46 pontos observados no m\u00eas anterior e dos 50,8 pontos  verificados em fevereiro de 2010. \u201cA produ\u00e7\u00e3o da ind\u00fastria como um todo cresceu  na compara\u00e7\u00e3o com o m\u00eas anterior, mas n\u00e3o o suficiente para traz\u00ea-la ao n\u00edvel  usual para o m\u00eas\u201d, diz a pesquisa. Segundo Azevedo, trata-se de um crescimento  baixo. \u201cA produ\u00e7\u00e3o subiu pouco. O indicador continua pr\u00f3ximo da linha divis\u00f3ria  de 50 pontos\u201d, destacou.<\/p>\n<p>A evolu\u00e7\u00e3o do n\u00edvel de estoques, por sua vez, manteve-se est\u00e1vel, com um  \u00edndice de 50,3 pontos em fevereiro contra 50,4 pontos em janeiro. Os estoques  ficaram dentro do n\u00edvel planejado pelas empresas, o que significa que se  anteciparam e se prepararam para atender \u00e0 demanda prevista para fevereiro. O  \u00edndice de evolu\u00e7\u00e3o do n\u00famero de empregados foi positivo, atingindo 50,7 pontos,  acima dos 49 pontos verificados em janeiro.<\/p>\n<p>Otimismo &#8211; Apesar da pesquisa mostrar o desaquecimento da atividade  industrial, os empres\u00e1rios se mant\u00eam otimistas sobre o desempenho da economia  para os pr\u00f3ximos seis meses. Cresceu o \u00edndice de expectativas sobre a demanda e  compra de mat\u00e9rias-primas medido em mar\u00e7o, na compara\u00e7\u00e3o com fevereiro. No  primeiro caso, subiu de um m\u00eas para o outro de 61,3 para 62 pontos e, no  segundo, passou de 58,8 para 59,1 pontos.<\/p>\n<p>J\u00e1 as expectativas sobre o n\u00famero de empregados oscilaram de 54,6 para  54,1 pontos entre fevereiro e mar\u00e7o. O otimismo quanto \u00e0s exporta\u00e7\u00f5es caiu, com  o \u00edndice passando de 51,6 para 51 pontos na mesma base de compara\u00e7\u00e3o.<\/p>\n<p>A  Sondagem Industrial de fevereiro foi realizada entre 28 de fevereiro e 15 de  mar\u00e7o, com 1.379 empresas, das quais 770 de pequeno porte, 409 m\u00e9dias e 200  grandes.<\/p>\n","protected":false},"excerpt":{"rendered":"<p>Pelo terceiro m\u00eas consecutivo, a ind\u00fastria operou abaixo do usual em fevereiro, com o \u00cdndice de Utiliza\u00e7\u00e3o da Capacidade Instalada (UCI) atingindo 47 pontos, revela a pesquisa Sondagem Industrial, divulgada nesta ter\u00e7a-feira, 22 de mar\u00e7o, pela Confedera\u00e7\u00e3o Nacional da Ind\u00fastria (CNI). O \u00edndice varia de zero a cem. Valores abaixo de 50 pontos representam UCI [&hellip;]<\/p>\n","protected":false},"author":3,"featured_media":0,"comment_status":"open","ping_status":"open","sticky":false,"template":"","format":"standard","meta":{"tdm_status":"","tdm_grid_status":"","footnotes":""},"categories":[22,7],"tags":[],"class_list":{"0":"post-34159","1":"post","2":"type-post","3":"status-publish","4":"format-standard","6":"category-brasil","7":"category-economia"},"_links":{"self":[{"href":"https:\/\/migracao.redenoticia.com.br\/noticia\/wp-json\/wp\/v2\/posts\/34159","targetHints":{"allow":["GET"]}}],"collection":[{"href":"https:\/\/migracao.redenoticia.com.br\/noticia\/wp-json\/wp\/v2\/posts"}],"about":[{"href":"https:\/\/migracao.redenoticia.com.br\/noticia\/wp-json\/wp\/v2\/types\/post"}],"author":[{"embeddable":true,"href":"https:\/\/migracao.redenoticia.com.br\/noticia\/wp-json\/wp\/v2\/users\/3"}],"replies":[{"embeddable":true,"href":"https:\/\/migracao.redenoticia.com.br\/noticia\/wp-json\/wp\/v2\/comments?post=34159"}],"version-history":[{"count":0,"href":"https:\/\/migracao.redenoticia.com.br\/noticia\/wp-json\/wp\/v2\/posts\/34159\/revisions"}],"wp:attachment":[{"href":"https:\/\/migracao.redenoticia.com.br\/noticia\/wp-json\/wp\/v2\/media?parent=34159"}],"wp:term":[{"taxonomy":"category","embeddable":true,"href":"https:\/\/migracao.redenoticia.com.br\/noticia\/wp-json\/wp\/v2\/categories?post=34159"},{"taxonomy":"post_tag","embeddable":true,"href":"https:\/\/migracao.redenoticia.com.br\/noticia\/wp-json\/wp\/v2\/tags?post=34159"}],"curies":[{"name":"wp","href":"https:\/\/api.w.org\/{rel}","templated":true}]}}