{"id":3417,"date":"2009-06-22T10:12:25","date_gmt":"2009-06-22T14:12:25","guid":{"rendered":"http:\/\/www.redenoticia.com.br\/noticia\/?p=3417"},"modified":"2009-06-22T10:12:25","modified_gmt":"2009-06-22T14:12:25","slug":"bb-participa-do-arco-verde-com-linhas-de-credito","status":"publish","type":"post","link":"https:\/\/migracao.redenoticia.com.br\/noticia\/2009\/bb-participa-do-arco-verde-com-linhas-de-credito\/3417","title":{"rendered":"BB participa do Arco Verde com linhas de cr\u00e9dito"},"content":{"rendered":"<p>O Banco do Brasil participa do Mutir\u00e3o Arco Verde e Terra Amaz\u00f4nia Legal, do governo federal, onde apresenta a metodologia e o hist\u00f3rico da sua Estrat\u00e9gia de Desenvolvimento Regional Sustent\u00e1vel &#8211; DRS. Na mobiliza\u00e7\u00e3o, que tem como objetivo prevenir e controlar o desmatamento no bioma Amaz\u00f4nia, o BB tamb\u00e9m conceder\u00e1 cr\u00e9dito emergencial ao estado do Par\u00e1 para o combate \u00e0s enchentes, e abrir\u00e1 conta governamental espec\u00edfica para os usu\u00e1rios do Pronaf da regi\u00e3o.<\/p>\n<p>O Mutir\u00e3o, que come\u00e7ou na sexta-feira (19) e vai at\u00e9 outubro, acontece em 43 munic\u00edpios da \u00e1rea da floresta Amaz\u00f4nica, nos estados do Amazonas, do Mato Grosso, do Par\u00e1, de Rond\u00f4nia, do Maranh\u00e3o e de Roraima. Nessas localidades, o BB ainda oferecer\u00e1 linhas de cr\u00e9dito e condi\u00e7\u00f5es de financiamento do Pronaf, sendo que, no caso do Mato Grosso, al\u00e9m disso ser\u00e1 disponibilizada a linha de cr\u00e9dito FCO.<\/p>\n<p>O Mutir\u00e3o Arco Verde \u00e9 um conjunto de a\u00e7\u00f5es coordenadas pelo governo federal com a participa\u00e7\u00e3o dos governos estaduais, municipais e de entidades da sociedade civil, que tem como principais objetivos o combate ao desmatamento na regi\u00e3o Amaz\u00f4nica por meio da regulariza\u00e7\u00e3o fundi\u00e1ria, do est\u00edmulo \u00e0 produ\u00e7\u00e3o sustent\u00e1vel e da difus\u00e3o de pol\u00edticas p\u00fablicas que assegurem o acesso da popula\u00e7\u00e3o local a direitos sociais. Desse modo, as superintend\u00eancias locais do Banco do Brasil foram mobilizadas para atuar nos trabalhos de organiza\u00e7\u00e3o, de participa\u00e7\u00e3o e de divulga\u00e7\u00e3o nos eventos de inclus\u00e3o banc\u00e1ria.<\/p>\n<p>A Estrat\u00e9gia de DRS do BB busca impulsionar o crescimento sustent\u00e1vel das regi\u00f5es brasileiras, considerando suas potencialidades, suas voca\u00e7\u00f5es e caracter\u00edsticas peculiares. Hoje, s\u00e3o trabalhadas mais de 100 diferentes atividades no DRS, entre as quais a ovinocaprinocultura, a apicultura, a mandiocultura, a bovinocultura de leite, a fruticultura, a piscicultura, a reciclagem, artesanatos diversos, a cafeicultura, servi\u00e7os de transporte de pessoas, a extra\u00e7\u00e3o de castanha do Brasil, a cria\u00e7\u00e3o de galinha caipira e a extra\u00e7\u00e3o do l\u00e1tex da seringueira.<\/p>\n<p>S\u00e3o R$ 5,5 bilh\u00f5es de cr\u00e9ditos do BB comprometidos com 5.878 Planos de Neg\u00f3cios DRS. Isso beneficia mais de um milh\u00e3o e 200 mil fam\u00edlias, sendo que 472 mil t\u00eam a\u00e7\u00f5es de cr\u00e9dito com o Banco. S\u00e3o 4.047 ag\u00eancias do BB habilitadas, ou seja, com seus funcion\u00e1rios treinados para implantar a metodologia DRS em 4.752 munic\u00edpios atendidos.<\/p>\n","protected":false},"excerpt":{"rendered":"<p>O Banco do Brasil participa do Mutir\u00e3o Arco Verde e Terra Amaz\u00f4nia Legal, do governo federal, onde apresenta a metodologia e o hist\u00f3rico da sua Estrat\u00e9gia de Desenvolvimento Regional Sustent\u00e1vel &#8211; DRS. Na mobiliza\u00e7\u00e3o, que tem como objetivo prevenir e controlar o desmatamento no bioma Amaz\u00f4nia, o BB tamb\u00e9m conceder\u00e1 cr\u00e9dito emergencial ao estado do [&hellip;]<\/p>\n","protected":false},"author":3,"featured_media":0,"comment_status":"open","ping_status":"open","sticky":false,"template":"","format":"standard","meta":{"tdm_status":"","tdm_grid_status":"","footnotes":""},"categories":[22,7],"tags":[],"class_list":{"0":"post-3417","1":"post","2":"type-post","3":"status-publish","4":"format-standard","6":"category-brasil","7":"category-economia"},"_links":{"self":[{"href":"https:\/\/migracao.redenoticia.com.br\/noticia\/wp-json\/wp\/v2\/posts\/3417","targetHints":{"allow":["GET"]}}],"collection":[{"href":"https:\/\/migracao.redenoticia.com.br\/noticia\/wp-json\/wp\/v2\/posts"}],"about":[{"href":"https:\/\/migracao.redenoticia.com.br\/noticia\/wp-json\/wp\/v2\/types\/post"}],"author":[{"embeddable":true,"href":"https:\/\/migracao.redenoticia.com.br\/noticia\/wp-json\/wp\/v2\/users\/3"}],"replies":[{"embeddable":true,"href":"https:\/\/migracao.redenoticia.com.br\/noticia\/wp-json\/wp\/v2\/comments?post=3417"}],"version-history":[{"count":0,"href":"https:\/\/migracao.redenoticia.com.br\/noticia\/wp-json\/wp\/v2\/posts\/3417\/revisions"}],"wp:attachment":[{"href":"https:\/\/migracao.redenoticia.com.br\/noticia\/wp-json\/wp\/v2\/media?parent=3417"}],"wp:term":[{"taxonomy":"category","embeddable":true,"href":"https:\/\/migracao.redenoticia.com.br\/noticia\/wp-json\/wp\/v2\/categories?post=3417"},{"taxonomy":"post_tag","embeddable":true,"href":"https:\/\/migracao.redenoticia.com.br\/noticia\/wp-json\/wp\/v2\/tags?post=3417"}],"curies":[{"name":"wp","href":"https:\/\/api.w.org\/{rel}","templated":true}]}}