{"id":34235,"date":"2011-03-26T19:22:24","date_gmt":"2011-03-26T23:22:24","guid":{"rendered":"http:\/\/www.redenoticia.com.br\/noticia\/?p=34235"},"modified":"2011-03-27T13:30:20","modified_gmt":"2011-03-27T17:30:20","slug":"meteorologia-%e2%80%93-previsao-do-tempo-para-este-domingo-2703","status":"publish","type":"post","link":"https:\/\/migracao.redenoticia.com.br\/noticia\/2011\/meteorologia-%e2%80%93-previsao-do-tempo-para-este-domingo-2703\/34235","title":{"rendered":"Meteorologia \u2013 previs\u00e3o do tempo para este domingo (27\/03)"},"content":{"rendered":"<p><img loading=\"lazy\" decoding=\"async\" class=\"alignleft size-full wp-image-28410\" title=\"previsao do tempo temperatura\" src=\"https:\/\/migracao.redenoticia.com.br\/noticia\/imagens\/previsao-do-tempo-temperatura.jpg\" alt=\"\" width=\"300\" height=\"193\" srcset=\"https:\/\/migracao.redenoticia.com.br\/noticia\/imagens\/previsao-do-tempo-temperatura.jpg 300w, https:\/\/migracao.redenoticia.com.br\/noticia\/imagens\/previsao-do-tempo-temperatura-250x160.jpg 250w, https:\/\/migracao.redenoticia.com.br\/noticia\/imagens\/previsao-do-tempo-temperatura-150x96.jpg 150w\" sizes=\"auto, (max-width: 300px) 100vw, 300px\" \/>Previs\u00e3o do tempo\u00a0\u2013 a\u00a0<strong><em>meteorologia<\/em><\/strong> divulgou a <strong><em>previs\u00e3o do tempo<\/em><\/strong> e\u00a0<strong><em>temperatura<\/em><\/strong> para este domingo (27\/03) e informa que a instabilidade continuar\u00e1 atingindo o Sul do Brasil. Entre centro-norte do RS, SC e PR haver\u00e1 temporais. No leste do RS aten\u00e7\u00e3o para chuva cont\u00ednua, com acumulado significativo. Segundo a previs\u00e3o do tempo entre GO, Regi\u00e3o Nordeste e interior de MG, haver\u00e1 sol e nebulosidade vari\u00e1vel, com pancadas de chuva localizada. Dados da previs\u00e3o do tempo indicam que em de MG, no centro-norte e leste de SP, sul e oeste do RJ as pancadas de chuva ocorrer\u00e3o a partir da tarde. Aten\u00e7\u00e3o para o norte da Regi\u00e3o Nordeste e nordeste do PA, onde poder\u00e3o ocorrer fortes pancadas de chuva. A previs\u00e3o do tempo destaca que entre as demais \u00e1reas do Norte e do Centro-Oeste haver\u00e1 muitas nuvens e per\u00edodos com pancadas de chuva, com exce\u00e7\u00e3o do norte de RR, onde as chances de chuva s\u00e3o pequenas. As temperaturas estar\u00e3o em decl\u00ednio no RS.<\/p>\n<p>Vale do Para\u00edba \u2013 previs\u00e3o do tempo no domingo (27\/03) o dia tamb\u00e9m ser\u00e1 de sol e poucas nuvens em grande parte da regi\u00e3o. Haver\u00e1 pancadas de chuva de forma bastante isolada em \u00e1reas de serra, Bragan\u00e7a e no Vale, no per\u00edodo da tarde. Por\u00e9m poder\u00e1 ser forte e acompanhada de rajada de vento. No litoral, as chances de chuva ser\u00e3o bastante pequenas. As temperaturas estar\u00e3o elevadas.<\/p>\n<p>Regi\u00e3o Centro-Oeste \u2013 previs\u00e3o do tempo em\u00a027\/03\/2011:\u00a0No norte e noroeste do MT: nublado com pancadas de chuva. No nordeste do MS, centro-sul de GO e no DF: pancadas de chuva a partir da tarde. Nas demais \u00e1reas: pancadas de chuva isoladas. As temperaturas estar\u00e3o est\u00e1veis. Temperatura m\u00e1xima: 34C no noroeste do MT. Temperatura m\u00ednima: 19C no sul de GO.<\/p>\n<p>Regi\u00e3o Nordeste \u2013 previs\u00e3o do tempo em\u00a027\/03\/2011:\u00a0No sul da BA: sol e poucas nuvens. No oeste do PI e centro-sul do MA: nublado com pancadas de chuva. Nas demais \u00e1reas da Regi\u00e3o: nebulosidade vari\u00e1vel e pancada de chuva isolada. Temperaturas est\u00e1veis. Temperatura m\u00e1xima: 35C no oeste de AL. Temperatura m\u00ednima: 19C no sul da BA.<\/p>\n<p>Regi\u00e3o Norte \u2013 previs\u00e3o do tempo em\u00a027\/03\/2011:\u00a0No norte do AP e nordeste de RR: sol e nebulosidade vari\u00e1vel com pequena chance de pancadas de chuva. No noroeste e leste de RR, norte do PA, demais \u00e1reas do AP e sul do TO: sol com varia\u00e7\u00e3o de nuvens e pancadas de chuva isoladas. Nas demais \u00e1reas da regi\u00e3o: nublado com pancadas de chuva. Temperaturas est\u00e1veis. Temperatura m\u00e1xima: 35C no norte do AM. Temperatura m\u00ednima: 17C no noroeste de RR.<\/p>\n<p>Regi\u00e3o Sudeste \u2013 previs\u00e3o do tempo em\u00a027\/03\/2011:\u00a0No extremo sul e extremo oeste de SP, e extremo norte de MG: sol com varia\u00e7\u00e3o de nuvens e pancadas de chuva isoladas. No litoral norte de SP: possibilidade de pancadas de chuva. Nas demais \u00e1reas de SP, no Tri\u00e2ngulo Mineiro e no sul de MG: sol com varia\u00e7\u00e3o de nuvens e pancadas de chuva a partir da tarde. No centro-leste de MG, grande parte do ES e leste do RJ: sol e poucas nuvens. Nas demais \u00e1reas de MG: nebulosidade vari\u00e1vel e possibilidade de pancadas de chuva \u00e0 tarde. Temperaturas est\u00e1veis. Temperatura m\u00e1xima: 30C no norte do ES. Temperatura m\u00ednima: 16C no sul de MG.<\/p>\n<p>Regi\u00e3o Sul \u2013 previs\u00e3o do tempo em\u00a027\/03\/2011:\u00a0No extremo sul do RS e no PR: nebulosidade vari\u00e1vel e pancada de chuva. Nas demais \u00e1reas da regi\u00e3o: nublado com pancadas de chuva. Temperaturas amenas no RS. Temperatura m\u00e1xima: 30C no noroeste do PR. Temperatura m\u00ednima: 14C no nordeste do RS.<\/p>\n<p>Previs\u00e3o do tempo e temperatura CPTEC<\/p>\n<p>&nbsp;<\/p>\n","protected":false},"excerpt":{"rendered":"<p>Previs\u00e3o do tempo\u00a0\u2013 a\u00a0meteorologia divulgou a previs\u00e3o do tempo e\u00a0temperatura para este domingo (27\/03) e informa que a instabilidade continuar\u00e1 atingindo o Sul do Brasil. Entre centro-norte do RS, SC e PR haver\u00e1 temporais. No leste do RS aten\u00e7\u00e3o para chuva cont\u00ednua, com acumulado significativo. Segundo a previs\u00e3o do tempo entre GO, Regi\u00e3o Nordeste e [&hellip;]<\/p>\n","protected":false},"author":3,"featured_media":28410,"comment_status":"open","ping_status":"open","sticky":false,"template":"","format":"standard","meta":{"tdm_status":"","tdm_grid_status":"","footnotes":""},"categories":[22],"tags":[],"class_list":{"0":"post-34235","1":"post","2":"type-post","3":"status-publish","4":"format-standard","5":"has-post-thumbnail","7":"category-brasil"},"_links":{"self":[{"href":"https:\/\/migracao.redenoticia.com.br\/noticia\/wp-json\/wp\/v2\/posts\/34235","targetHints":{"allow":["GET"]}}],"collection":[{"href":"https:\/\/migracao.redenoticia.com.br\/noticia\/wp-json\/wp\/v2\/posts"}],"about":[{"href":"https:\/\/migracao.redenoticia.com.br\/noticia\/wp-json\/wp\/v2\/types\/post"}],"author":[{"embeddable":true,"href":"https:\/\/migracao.redenoticia.com.br\/noticia\/wp-json\/wp\/v2\/users\/3"}],"replies":[{"embeddable":true,"href":"https:\/\/migracao.redenoticia.com.br\/noticia\/wp-json\/wp\/v2\/comments?post=34235"}],"version-history":[{"count":0,"href":"https:\/\/migracao.redenoticia.com.br\/noticia\/wp-json\/wp\/v2\/posts\/34235\/revisions"}],"wp:featuredmedia":[{"embeddable":true,"href":"https:\/\/migracao.redenoticia.com.br\/noticia\/wp-json\/wp\/v2\/media\/28410"}],"wp:attachment":[{"href":"https:\/\/migracao.redenoticia.com.br\/noticia\/wp-json\/wp\/v2\/media?parent=34235"}],"wp:term":[{"taxonomy":"category","embeddable":true,"href":"https:\/\/migracao.redenoticia.com.br\/noticia\/wp-json\/wp\/v2\/categories?post=34235"},{"taxonomy":"post_tag","embeddable":true,"href":"https:\/\/migracao.redenoticia.com.br\/noticia\/wp-json\/wp\/v2\/tags?post=34235"}],"curies":[{"name":"wp","href":"https:\/\/api.w.org\/{rel}","templated":true}]}}