{"id":34240,"date":"2011-03-27T19:11:01","date_gmt":"2011-03-27T23:11:01","guid":{"rendered":"http:\/\/www.redenoticia.com.br\/noticia\/?p=34240"},"modified":"2011-03-28T12:30:20","modified_gmt":"2011-03-28T16:30:20","slug":"meteorologia-%e2%80%93-previsao-do-tempo-para-esta-segunda-feira-2803","status":"publish","type":"post","link":"https:\/\/migracao.redenoticia.com.br\/noticia\/2011\/meteorologia-%e2%80%93-previsao-do-tempo-para-esta-segunda-feira-2803\/34240","title":{"rendered":"Meteorologia \u2013 previs\u00e3o do tempo para esta segunda-feira 28\/03"},"content":{"rendered":"<p><img loading=\"lazy\" decoding=\"async\" class=\"alignleft size-full wp-image-28411\" title=\"previsao trimestre tempo clima\" src=\"https:\/\/migracao.redenoticia.com.br\/noticia\/imagens\/previsao-trimestre-tempo-clima.jpg\" alt=\"\" width=\"300\" height=\"193\" srcset=\"https:\/\/migracao.redenoticia.com.br\/noticia\/imagens\/previsao-trimestre-tempo-clima.jpg 300w, https:\/\/migracao.redenoticia.com.br\/noticia\/imagens\/previsao-trimestre-tempo-clima-250x160.jpg 250w, https:\/\/migracao.redenoticia.com.br\/noticia\/imagens\/previsao-trimestre-tempo-clima-150x96.jpg 150w\" sizes=\"auto, (max-width: 300px) 100vw, 300px\" \/>Previs\u00e3o do tempo\u00a0\u2013 a\u00a0<strong><em>meteorologia<\/em><\/strong> divulgou a <strong><em>previs\u00e3o do tempo<\/em><\/strong> e\u00a0<strong><em>temperatura<\/em><\/strong> para esta segunda-feira (28\/03) e informa que esperam-se pancadas de chuva em grande parte da Regi\u00e3o Norte, centro-norte e oeste da Regi\u00e3o Nordeste (exceto entre RN e leste de PE), Regi\u00e3o Centro-Oeste, SP, oeste e sul de MG (principalmente a partir da tarde e de forma localizada) e sul e oeste do RJ. Segundo a previs\u00e3o do tempo haver\u00e1 chuva em grande parte do RS, SC e PR. Dados da previs\u00e3o do tempo indicam que a frente fria dever\u00e1 avan\u00e7ar para SC, principalmente pelo oceano causando um decl\u00ednio das temperaturas no leste deste Estado. A previs\u00e3o do tempo destaca que entre o norte do RS, SC e PR ainda poder\u00e1 ocorrer chuva intensa. No RS a temperatura ficar\u00e1 amena.<\/p>\n<p>Vale do Para\u00edso \u2013 previs\u00e3o do tempo na segunda-feira (28\/03) ainda haver\u00e1 sol e poucas nuvens na regi\u00e3o, com pancadas de chuva de forma localizada no per\u00edodo da tarde. As temperaturas estar\u00e3o est\u00e1veis.<\/p>\n<p>Regi\u00e3o Centro-Oeste \u2013 previs\u00e3o do tempo em\u00a028\/03\/2011:\u00a0No leste do MT, em GO, no DF e nordeste do MS: nebulosidade vari\u00e1vel e pancada de chuva isolada. Nas demais \u00e1reas da regi\u00e3o: nublado com pancadas de chuva. Temperaturas est\u00e1veis. Temperatura m\u00e1xima: 35C no sudoeste do MT. Temperatura m\u00ednima: 19C no sul de GO.<\/p>\n<p>Regi\u00e3o Nordeste \u2013 previs\u00e3o do tempo em\u00a028\/03\/2011:\u00a0No sul da BA: sol e poucas nuvens. no leste de PB, PE e RN e nordeste de AL: nebulosidade vari\u00e1vel. No oeste e norte do MA: nublado com pancadas de chuva. No sul da BA: sol e poucas nuvens. Nas demais \u00e1reas da regi\u00e3o: sol com varia\u00e7\u00e3o de nuvens e pancadas de chuva isoladas. Temperaturas est\u00e1veis. Temperatura m\u00e1xima: 35C no SE. Temperatura m\u00ednima: 19C no sul da BA.<\/p>\n<p>Regi\u00e3o Norte \u2013 previs\u00e3o do tempo em\u00a028\/03\/2011:\u00a0No norte de RR: sol com varia\u00e7\u00e3o de nuvens. No sul de RR, noroeste do PA, norte do AP e sul do TO: sol e nebulosidade vari\u00e1vel com pancadas de chuva. Nas demais \u00e1reas da regi\u00e3o: nublado com pancadas de chuva. Temperaturas est\u00e1veis. Temperatura m\u00e1xima: 35C no nordeste de RR. Temperatura m\u00ednima: 17C no noroeste de RR.<\/p>\n<p>Regi\u00e3o Sudeste \u2013 previs\u00e3o do tempo em\u00a028\/03\/2011:\u00a0No sul e extremo-oeste de SP: nublado com pancadas de chuva. Nas demais \u00e1reas de SP, sul de MG e no Tri\u00e2ngulo Mineiro: nebulosidade vari\u00e1vel com pancadas de chuva. No nordeste e leste de MG, no ES e norte do RJ: sol e poucas nuvens. Nas demais \u00e1reas da regi\u00e3o: possibilidade de pancadas de chuva \u00e0 tarde. Temperaturas est\u00e1veis. Temperatura m\u00e1xima: 30C no norte do ES. Temperatura m\u00ednima: 17C no sul de MG.<\/p>\n<p>Regi\u00e3o Sul \u2013 previs\u00e3o do tempo em 28\/03\/2011:\u00a0No sudoeste do RS: nublado com possibilidade de chuva. No nordeste do RS, em SC e sudeste do PR: muitas nuvens e chuva a qualquer momento. Nas demais \u00e1reas do PR: nublado com pancadas de chuva. Nas demais \u00e1reas do RS: chuva pela manh\u00e3. Temperaturas em queda na Regi\u00e3o. Temperatura m\u00e1xima: 30C no noroeste do PR. Temperatura m\u00ednima: 13C no sul do RS.<\/p>\n<p>Previs\u00e3o do tempo e temperatura CPTEC<\/p>\n<p>&nbsp;<\/p>\n","protected":false},"excerpt":{"rendered":"<p>Previs\u00e3o do tempo\u00a0\u2013 a\u00a0meteorologia divulgou a previs\u00e3o do tempo e\u00a0temperatura para esta segunda-feira (28\/03) e informa que esperam-se pancadas de chuva em grande parte da Regi\u00e3o Norte, centro-norte e oeste da Regi\u00e3o Nordeste (exceto entre RN e leste de PE), Regi\u00e3o Centro-Oeste, SP, oeste e sul de MG (principalmente a partir da tarde e de [&hellip;]<\/p>\n","protected":false},"author":3,"featured_media":28411,"comment_status":"open","ping_status":"open","sticky":false,"template":"","format":"standard","meta":{"tdm_status":"","tdm_grid_status":"","footnotes":""},"categories":[22],"tags":[],"class_list":{"0":"post-34240","1":"post","2":"type-post","3":"status-publish","4":"format-standard","5":"has-post-thumbnail","7":"category-brasil"},"_links":{"self":[{"href":"https:\/\/migracao.redenoticia.com.br\/noticia\/wp-json\/wp\/v2\/posts\/34240","targetHints":{"allow":["GET"]}}],"collection":[{"href":"https:\/\/migracao.redenoticia.com.br\/noticia\/wp-json\/wp\/v2\/posts"}],"about":[{"href":"https:\/\/migracao.redenoticia.com.br\/noticia\/wp-json\/wp\/v2\/types\/post"}],"author":[{"embeddable":true,"href":"https:\/\/migracao.redenoticia.com.br\/noticia\/wp-json\/wp\/v2\/users\/3"}],"replies":[{"embeddable":true,"href":"https:\/\/migracao.redenoticia.com.br\/noticia\/wp-json\/wp\/v2\/comments?post=34240"}],"version-history":[{"count":0,"href":"https:\/\/migracao.redenoticia.com.br\/noticia\/wp-json\/wp\/v2\/posts\/34240\/revisions"}],"wp:featuredmedia":[{"embeddable":true,"href":"https:\/\/migracao.redenoticia.com.br\/noticia\/wp-json\/wp\/v2\/media\/28411"}],"wp:attachment":[{"href":"https:\/\/migracao.redenoticia.com.br\/noticia\/wp-json\/wp\/v2\/media?parent=34240"}],"wp:term":[{"taxonomy":"category","embeddable":true,"href":"https:\/\/migracao.redenoticia.com.br\/noticia\/wp-json\/wp\/v2\/categories?post=34240"},{"taxonomy":"post_tag","embeddable":true,"href":"https:\/\/migracao.redenoticia.com.br\/noticia\/wp-json\/wp\/v2\/tags?post=34240"}],"curies":[{"name":"wp","href":"https:\/\/api.w.org\/{rel}","templated":true}]}}