{"id":34243,"date":"2011-03-29T12:11:28","date_gmt":"2011-03-29T16:11:28","guid":{"rendered":"http:\/\/www.redenoticia.com.br\/noticia\/?p=34243"},"modified":"2018-08-13T10:33:26","modified_gmt":"2018-08-13T13:33:26","slug":"votacao-bbb-11-em-daniel-maria-e-wesley-movimenta-as-enquetes","status":"publish","type":"post","link":"https:\/\/migracao.redenoticia.com.br\/noticia\/2011\/votacao-bbb-11-em-daniel-maria-e-wesley-movimenta-as-enquetes\/34243","title":{"rendered":"Vota\u00e7\u00e3o final BBB 11 em Daniel, Maria e Wesley movimenta as enquetes"},"content":{"rendered":"<p><strong><em><img loading=\"lazy\" decoding=\"async\" class=\"alignleft size-full wp-image-22134\" title=\"BBB 11 Rede Globo\" src=\"https:\/\/migracao.redenoticia.com.br\/noticia\/imagens\/BBB-10-Rede-Globo.jpg\" alt=\"\" width=\"300\" height=\"193\" srcset=\"https:\/\/migracao.redenoticia.com.br\/noticia\/imagens\/BBB-10-Rede-Globo.jpg 300w, https:\/\/migracao.redenoticia.com.br\/noticia\/imagens\/BBB-10-Rede-Globo-250x161.jpg 250w, https:\/\/migracao.redenoticia.com.br\/noticia\/imagens\/BBB-10-Rede-Globo-150x97.jpg 150w\" sizes=\"auto, (max-width: 300px) 100vw, 300px\" \/>BBB 11<\/em><\/strong> \u2013 no domingo (27\/03) Diana foi eliminada com 75% da <em><strong>vota\u00e7\u00e3o<\/strong><\/em> do p\u00fablico, no programa transmitido ao vivo\u00a0pela Rede\u00a0Globo. A \u00faltima vota\u00e7\u00e3o do BBB 11 foi iniciada logo ap\u00f3s a elimina\u00e7\u00e3o. Agora a vota\u00e7\u00e3o ser\u00e1 para definir quem fica com o pr\u00eamio principal do programa, com a participa\u00e7\u00e3o de <strong><em>Daniel<\/em><\/strong>, <strong><em>Maria<\/em><\/strong> e <strong><em>Wesley<\/em><\/strong>. O resultado ser\u00e1 conhecido na pr\u00f3xima ter\u00e7a-feira (29\/03). Segundo as enquetes dos grandes portais a vota\u00e7\u00e3o come\u00e7ou acirrada. Maria come\u00e7ou com uma leve vantagem para vencer o BBB 11, seguida por Daniel e depois por Wesley. Na\u00a0<strong><em><a href=\"http:\/\/televisao.uol.com.br\/bbb\/bbb11\/enquetes\/2011\/03\/09\/quem-merece-vencer-o-bbb11.htm\" target=\"_blank\">enquete UOL<\/a> <\/em><\/strong><a href=\"http:\/\/televisao.uol.com.br\/bbb\/bbb11\/enquetes\/2011\/03\/26\/diana-x-maria-x-wesley-quem-deve-ser-eliminado-no-domingo-27.htm\" target=\"_blank\"><strong><em> <\/em><\/strong><\/a>&#8221; Quem merece ganhar o BBB 11&#8243;, a vota\u00e7\u00e3o continuou movimentada na madrugada de segunda-feira e Maria seguiu com aproximadamente 35% da indica\u00e7\u00e3o do p\u00fablico, Daniel em segundo com 33% e Wesley em terceiro com 31%. Na manh\u00e3 de segunda-feira (28\/03) Wesley passou Daniel na enquete Uol, e Maria continuou na prefer\u00eancia do p\u00fablico. Na tarde de ter\u00e7a-feira (29\/03), \u00faltimo dia do BBB 11, Maria segue na frente com aproximadamente 38% da prefer\u00eancia do p\u00fablico.<\/p>\n<p>A vota\u00e7\u00e3o oficial para indicar o vencedor (Maria, Daniel ou Wesley) acontece no endere\u00e7o da\u00a0<a href=\"http:\/\/bbb.globo.com\/votacao\/18406.html\" target=\"_blank\">Rede Globo BBB 11<\/a> at\u00e9 o programa ao vivo na noite de ter\u00e7a-feira (29\/03), quando um dos tr\u00eas finalistas vai ganhar 1,5 milh\u00e3o de reais.<\/p>\n<p>A composi\u00e7\u00e3o dos finalistas BBB 11 come\u00e7ou a ser definida ap\u00f3s Pedro Bial, apresentador do programa, ter anunciado que a \u00faltima prova do l\u00edder teria tr\u00eas etapas. No primeiro desafio Maria aguentou ser arremessada contra paredes por mais tempo e garantiu um ponto. No segundo desafio Daniel conseguiu pegar produtos mais valiosos que os demais e tamb\u00e9m garantiu um ponto. Na \u00faltima e decisiva etapa Maria e Daniel usaram a vantagem conquistada nas provas anteriores, e sa\u00edram na frente de Wesley e Diana. Todos puderam responder \u201cVerdadeiro\u201d ou \u201cFalso\u201d para perguntas sobre fatos atuais e hist\u00f3ricos. Daniel acertou um n\u00famero maior de perguntas e conquistou a lideran\u00e7a. Diana, Maria e Wesley foram automaticamente para o \u00faltimo pared\u00e3o. Diana foi eliminada com 75% dos votos. Maria e Wesley se tornaram finalistas junto com Daniel.<\/p>\n<p>BBB 11 \u2013 Vota\u00e7\u00e3o em Daniel, Maria e Wesley<\/p>\n","protected":false},"excerpt":{"rendered":"<p>BBB 11 \u2013 no domingo (27\/03) Diana foi eliminada com 75% da vota\u00e7\u00e3o do p\u00fablico, no programa transmitido ao vivo\u00a0pela Rede\u00a0Globo. A \u00faltima vota\u00e7\u00e3o do BBB 11 foi iniciada logo ap\u00f3s a elimina\u00e7\u00e3o. Agora a vota\u00e7\u00e3o ser\u00e1 para definir quem fica com o pr\u00eamio principal do programa, com a participa\u00e7\u00e3o de Daniel, Maria e Wesley. [&hellip;]<\/p>\n","protected":false},"author":3,"featured_media":22134,"comment_status":"open","ping_status":"open","sticky":false,"template":"","format":"standard","meta":{"tdm_status":"","tdm_grid_status":"","footnotes":""},"categories":[520,22,375,343],"tags":[],"class_list":{"0":"post-34243","1":"post","2":"type-post","3":"status-publish","4":"format-standard","5":"has-post-thumbnail","7":"category-big-brother-brasil","8":"category-brasil","9":"category-rede-globo","10":"category-televisao"},"_links":{"self":[{"href":"https:\/\/migracao.redenoticia.com.br\/noticia\/wp-json\/wp\/v2\/posts\/34243","targetHints":{"allow":["GET"]}}],"collection":[{"href":"https:\/\/migracao.redenoticia.com.br\/noticia\/wp-json\/wp\/v2\/posts"}],"about":[{"href":"https:\/\/migracao.redenoticia.com.br\/noticia\/wp-json\/wp\/v2\/types\/post"}],"author":[{"embeddable":true,"href":"https:\/\/migracao.redenoticia.com.br\/noticia\/wp-json\/wp\/v2\/users\/3"}],"replies":[{"embeddable":true,"href":"https:\/\/migracao.redenoticia.com.br\/noticia\/wp-json\/wp\/v2\/comments?post=34243"}],"version-history":[{"count":0,"href":"https:\/\/migracao.redenoticia.com.br\/noticia\/wp-json\/wp\/v2\/posts\/34243\/revisions"}],"wp:featuredmedia":[{"embeddable":true,"href":"https:\/\/migracao.redenoticia.com.br\/noticia\/wp-json\/wp\/v2\/media\/22134"}],"wp:attachment":[{"href":"https:\/\/migracao.redenoticia.com.br\/noticia\/wp-json\/wp\/v2\/media?parent=34243"}],"wp:term":[{"taxonomy":"category","embeddable":true,"href":"https:\/\/migracao.redenoticia.com.br\/noticia\/wp-json\/wp\/v2\/categories?post=34243"},{"taxonomy":"post_tag","embeddable":true,"href":"https:\/\/migracao.redenoticia.com.br\/noticia\/wp-json\/wp\/v2\/tags?post=34243"}],"curies":[{"name":"wp","href":"https:\/\/api.w.org\/{rel}","templated":true}]}}