{"id":34246,"date":"2011-03-28T09:39:32","date_gmt":"2011-03-28T13:39:32","guid":{"rendered":"http:\/\/www.redenoticia.com.br\/noticia\/?p=34246"},"modified":"2011-03-28T09:39:32","modified_gmt":"2011-03-28T13:39:32","slug":"frente-fria-causara-chuvas-no-sul-sudeste-e-centro-oeste","status":"publish","type":"post","link":"https:\/\/migracao.redenoticia.com.br\/noticia\/2011\/frente-fria-causara-chuvas-no-sul-sudeste-e-centro-oeste\/34246","title":{"rendered":"Frente fria causar\u00e1 chuvas no Sul, Sudeste e Centro-Oeste"},"content":{"rendered":"<p><em><strong>Chuvas no Sul, Sudeste e Centro-Oeste<\/strong><\/em> &#8211; nessa semana (28\/03 &#8211; 02\/04) a volta da chuva sobre Paran\u00e1 e sul de Mato Grosso do Sul, o que  deve beneficiar a lavoura do Milho Safrinha. Depois de um final de semana  chuvoso o tempo se firma no Rio Grande do Sul e em Santa Catarina e beneficia a  colheita da soja e implanta\u00e7\u00e3o das pastagens de inverno.<\/p>\n<p>De acordo com a SOMAR Meteorologia, a partir de quarta-feira (30) a frente  fria avan\u00e7a e volta a chover no Sudeste e no Centro-Oeste, o que deve prejudicar  ainda mais o processo de colheita da soja e retardar o in\u00edcio do corte e moagem  da cana-de-a\u00e7\u00facar em S\u00e3o Paulo. Al\u00e9m disso, as chuvas do Sudeste e do  Centro-Oeste do Brasil devem se estender pelo menos at\u00e9 o in\u00edcio de abril.<\/p>\n<p>Esta semana tamb\u00e9m deve ser chuvosa em grande parte da Regi\u00e3o Nordeste, com  os maiores volumes de chuvas mais uma vez concentrados no oeste da Regi\u00e3o,  atingindo diretamente as regi\u00f5es produtoras de soja e algod\u00e3o da Bahia, Maranh\u00e3o  e do Piau\u00ed.<\/p>\n","protected":false},"excerpt":{"rendered":"<p>Chuvas no Sul, Sudeste e Centro-Oeste &#8211; nessa semana (28\/03 &#8211; 02\/04) a volta da chuva sobre Paran\u00e1 e sul de Mato Grosso do Sul, o que deve beneficiar a lavoura do Milho Safrinha. Depois de um final de semana chuvoso o tempo se firma no Rio Grande do Sul e em Santa Catarina e [&hellip;]<\/p>\n","protected":false},"author":3,"featured_media":0,"comment_status":"open","ping_status":"open","sticky":false,"template":"","format":"standard","meta":{"tdm_status":"","tdm_grid_status":"","footnotes":""},"categories":[22,327,376],"tags":[],"class_list":{"0":"post-34246","1":"post","2":"type-post","3":"status-publish","4":"format-standard","6":"category-brasil","7":"category-clima","8":"category-clima-brasil"},"_links":{"self":[{"href":"https:\/\/migracao.redenoticia.com.br\/noticia\/wp-json\/wp\/v2\/posts\/34246","targetHints":{"allow":["GET"]}}],"collection":[{"href":"https:\/\/migracao.redenoticia.com.br\/noticia\/wp-json\/wp\/v2\/posts"}],"about":[{"href":"https:\/\/migracao.redenoticia.com.br\/noticia\/wp-json\/wp\/v2\/types\/post"}],"author":[{"embeddable":true,"href":"https:\/\/migracao.redenoticia.com.br\/noticia\/wp-json\/wp\/v2\/users\/3"}],"replies":[{"embeddable":true,"href":"https:\/\/migracao.redenoticia.com.br\/noticia\/wp-json\/wp\/v2\/comments?post=34246"}],"version-history":[{"count":0,"href":"https:\/\/migracao.redenoticia.com.br\/noticia\/wp-json\/wp\/v2\/posts\/34246\/revisions"}],"wp:attachment":[{"href":"https:\/\/migracao.redenoticia.com.br\/noticia\/wp-json\/wp\/v2\/media?parent=34246"}],"wp:term":[{"taxonomy":"category","embeddable":true,"href":"https:\/\/migracao.redenoticia.com.br\/noticia\/wp-json\/wp\/v2\/categories?post=34246"},{"taxonomy":"post_tag","embeddable":true,"href":"https:\/\/migracao.redenoticia.com.br\/noticia\/wp-json\/wp\/v2\/tags?post=34246"}],"curies":[{"name":"wp","href":"https:\/\/api.w.org\/{rel}","templated":true}]}}