{"id":34257,"date":"2011-03-28T17:37:40","date_gmt":"2011-03-28T21:37:40","guid":{"rendered":"http:\/\/www.redenoticia.com.br\/noticia\/?p=34257"},"modified":"2011-03-29T12:26:46","modified_gmt":"2011-03-29T16:26:46","slug":"meteorologia-%e2%80%93-previsao-do-tempo-para-esta-terca-feira-2903","status":"publish","type":"post","link":"https:\/\/migracao.redenoticia.com.br\/noticia\/2011\/meteorologia-%e2%80%93-previsao-do-tempo-para-esta-terca-feira-2903\/34257","title":{"rendered":"Meteorologia \u2013 previs\u00e3o do tempo para esta ter\u00e7a-feira 29\/03"},"content":{"rendered":"<p><img loading=\"lazy\" decoding=\"async\" class=\"alignleft size-full wp-image-28409\" title=\"previsao do tempo e temperatura\" src=\"https:\/\/migracao.redenoticia.com.br\/noticia\/imagens\/previsao-do-tempo-e-temperatura.jpg\" alt=\"\" width=\"300\" height=\"193\" srcset=\"https:\/\/migracao.redenoticia.com.br\/noticia\/imagens\/previsao-do-tempo-e-temperatura.jpg 300w, https:\/\/migracao.redenoticia.com.br\/noticia\/imagens\/previsao-do-tempo-e-temperatura-250x160.jpg 250w, https:\/\/migracao.redenoticia.com.br\/noticia\/imagens\/previsao-do-tempo-e-temperatura-150x96.jpg 150w\" sizes=\"auto, (max-width: 300px) 100vw, 300px\" \/><\/p>\n<p>Previs\u00e3o do tempo\u00a0\u2013 a\u00a0<strong><em>meteorologia<\/em><\/strong> divulgou a <strong><em>previs\u00e3o do tempo<\/em><\/strong> e\u00a0<strong><em>temperatura<\/em><\/strong> para esta ter\u00e7a-feira (29\/03) e informa que o dia ser\u00e1 chuvoso entre o sul de SP, leste do PR e de SC, onde dever\u00e1 ocorrer acumulados significativos. Segundo a previs\u00e3o do tempo entre o extremo noroeste do RS, SC e sul do PR dia nublado com per\u00edodos de chuva. Dados da previs\u00e3o do tempo indicam que no leste do RS dia com muitas nuvens e possibilidade de chuva fraca. O sol aparecer\u00e1 no sul do RS, centro-norte de MG, sul da BA, ES e norte do RJ. A previs\u00e3o do tempo destaca que nas demais \u00e1reas do pa\u00eds varia\u00e7\u00e3o de nuvens e pancadas de chuva, que poder\u00e3o ser localmente fortes. No leste do Nordeste e leste de GO, incluindo o DF as pancadas de chuva ser\u00e3o mais fracas e isoladas. No PR e em SC a temperatura estar\u00e1 em decl\u00ednio.<\/p>\n<p>Vale do Para\u00edba \u2013 previs\u00e3o do tempo na ter\u00e7a-feira (29\/03) haver\u00e1 aumento da nebulosidade e as pancadas de chuva poder\u00e3o ocorrer desde o per\u00edodo da manh\u00e3. As chuvas poder\u00e3o ser intensas em algumas cidades. A temperatura m\u00e1xima estar\u00e1 em decl\u00ednio.<\/p>\n<p>Regi\u00e3o Centro-Oeste \u2013 previs\u00e3o do tempo em\u00a029\/03\/2011:\u00a0No leste de GO e no DF: possibilidade de pancadas de chuva. No sudeste do MT, demais \u00e1reas de GO e extremo nordeste do MS: nebulosidade vari\u00e1vel e pancada de chuva isolada. Nas demais \u00e1reas: nublado com pancadas de chuva. Temperaturas est\u00e1veis. Temperatura m\u00e1xima: 33C no noroeste do MT. Temperatura m\u00ednima: 19C no sudoeste de GO.<\/p>\n<p>Regi\u00e3o Nordeste \u2013 previs\u00e3o do tempo em\u00a029\/03\/2011:\u00a0No sul da BA: sol e poucas nuvens. No noroeste da BA, sudoeste do PI e centro-sul e leste do MA: nublado com pancadas de chuva. Nas demais \u00e1reas do MA, PI, RN, PB e PE, no CE e norte e oeste da BA: pancadas de chuva isoladas. Nas demais \u00e1reas da regi\u00e3o: possibilidade de pancadas de chuva isoladas. Temperaturas est\u00e1veis. Temperatura m\u00e1xima: 35C no SE. Temperatura m\u00ednima: 19C no sul da BA.<\/p>\n<p>Regi\u00e3o Norte \u2013 previs\u00e3o do tempo em\u00a029\/03\/2011:\u00a0No norte de RR: nebulosidade vari\u00e1vel. No extremo sul do TO: pancadas de chuva isoladas. Nas demais \u00e1reas da regi\u00e3o: nublado com pancadas de chuva. Temperaturas est\u00e1veis. Temperatura m\u00e1xima: 36C no nordeste de RR. Temperatura m\u00ednima: 16C no noroeste de RR.<\/p>\n<p>Regi\u00e3o Sudeste \u2013 previs\u00e3o do tempo em\u00a029\/03\/2011:\u00a0No sul de MG, norte de SP, no Vale Hist\u00f3rico e sul do RJ: nebulosidade vari\u00e1vel e pancada de chuva isolada. No centro-norte e leste de MG, no ES e norte do RJ: sol e poucas nuvens. No sudeste de MG e demais \u00e1reas do RJ: varia\u00e7\u00e3o de nuvens e pancadas de chuva \u00e0 tarde. No extremo sul de SP: dia chuvoso. Nas demais \u00e1reas de SP: nublado com pancadas de chuva. Temperaturas est\u00e1veis. Temperatura m\u00e1xima: 30C no norte do ES. Temperatura m\u00ednima: 15C no interior de MG.<\/p>\n<p>Regi\u00e3o Sul \u2013 previs\u00e3o do tempo em\u00a029\/03\/2011:\u00a0No centro-oeste e sul do RS: nebulosidade vari\u00e1vel. No extremo sul do RS: predom\u00ednio de sol. No leste do RS: nublado com possibilidade de chuva. No extremo-norte do RS centro-oeste de SC e sul do PR: muitas nuvens com chuva a qualquer momento. No leste de SC e do PR: dia chuvoso. Nas demais \u00e1reas do RS: encoberto com chuva isolada. Nas demais \u00e1reas do PR: nublado com pancadas de chuva. Temperaturas baixas. Temperatura m\u00e1xima: 31C no noroeste do PR. Temperatura m\u00ednima: 8C no sul do RS.<\/p>\n<p>Previs\u00e3o do tempo e temperatura CPTEC<\/p>\n<p>&nbsp;<\/p>\n","protected":false},"excerpt":{"rendered":"<p>Previs\u00e3o do tempo\u00a0\u2013 a\u00a0meteorologia divulgou a previs\u00e3o do tempo e\u00a0temperatura para esta ter\u00e7a-feira (29\/03) e informa que o dia ser\u00e1 chuvoso entre o sul de SP, leste do PR e de SC, onde dever\u00e1 ocorrer acumulados significativos. Segundo a previs\u00e3o do tempo entre o extremo noroeste do RS, SC e sul do PR dia nublado [&hellip;]<\/p>\n","protected":false},"author":3,"featured_media":28409,"comment_status":"open","ping_status":"open","sticky":false,"template":"","format":"standard","meta":{"tdm_status":"","tdm_grid_status":"","footnotes":""},"categories":[22],"tags":[],"class_list":{"0":"post-34257","1":"post","2":"type-post","3":"status-publish","4":"format-standard","5":"has-post-thumbnail","7":"category-brasil"},"_links":{"self":[{"href":"https:\/\/migracao.redenoticia.com.br\/noticia\/wp-json\/wp\/v2\/posts\/34257","targetHints":{"allow":["GET"]}}],"collection":[{"href":"https:\/\/migracao.redenoticia.com.br\/noticia\/wp-json\/wp\/v2\/posts"}],"about":[{"href":"https:\/\/migracao.redenoticia.com.br\/noticia\/wp-json\/wp\/v2\/types\/post"}],"author":[{"embeddable":true,"href":"https:\/\/migracao.redenoticia.com.br\/noticia\/wp-json\/wp\/v2\/users\/3"}],"replies":[{"embeddable":true,"href":"https:\/\/migracao.redenoticia.com.br\/noticia\/wp-json\/wp\/v2\/comments?post=34257"}],"version-history":[{"count":0,"href":"https:\/\/migracao.redenoticia.com.br\/noticia\/wp-json\/wp\/v2\/posts\/34257\/revisions"}],"wp:featuredmedia":[{"embeddable":true,"href":"https:\/\/migracao.redenoticia.com.br\/noticia\/wp-json\/wp\/v2\/media\/28409"}],"wp:attachment":[{"href":"https:\/\/migracao.redenoticia.com.br\/noticia\/wp-json\/wp\/v2\/media?parent=34257"}],"wp:term":[{"taxonomy":"category","embeddable":true,"href":"https:\/\/migracao.redenoticia.com.br\/noticia\/wp-json\/wp\/v2\/categories?post=34257"},{"taxonomy":"post_tag","embeddable":true,"href":"https:\/\/migracao.redenoticia.com.br\/noticia\/wp-json\/wp\/v2\/tags?post=34257"}],"curies":[{"name":"wp","href":"https:\/\/api.w.org\/{rel}","templated":true}]}}