{"id":34258,"date":"2011-03-29T12:30:17","date_gmt":"2011-03-29T16:30:17","guid":{"rendered":"http:\/\/www.redenoticia.com.br\/noticia\/?p=34258"},"modified":"2018-08-13T10:33:25","modified_gmt":"2018-08-13T13:33:25","slug":"votacao-em-daniel-maria-ou-wesley-no-bbb-11","status":"publish","type":"post","link":"https:\/\/migracao.redenoticia.com.br\/noticia\/2011\/votacao-em-daniel-maria-ou-wesley-no-bbb-11\/34258","title":{"rendered":"Vota\u00e7\u00e3o em Daniel, Maria ou Wesley no BBB 11"},"content":{"rendered":"<p><img loading=\"lazy\" decoding=\"async\" class=\"alignleft size-full wp-image-22134\" title=\"BBB 11 votacao Rede Globo\" src=\"https:\/\/migracao.redenoticia.com.br\/noticia\/imagens\/BBB-10-Rede-Globo.jpg\" alt=\"\" width=\"300\" height=\"193\" srcset=\"https:\/\/migracao.redenoticia.com.br\/noticia\/imagens\/BBB-10-Rede-Globo.jpg 300w, https:\/\/migracao.redenoticia.com.br\/noticia\/imagens\/BBB-10-Rede-Globo-250x161.jpg 250w, https:\/\/migracao.redenoticia.com.br\/noticia\/imagens\/BBB-10-Rede-Globo-150x97.jpg 150w\" sizes=\"auto, (max-width: 300px) 100vw, 300px\" \/>BBB 11 &#8211; os finalistas do\u00a0<em><strong>BBB 11<\/strong><\/em> foram conhecidos no programa\u00a0<em><strong>ao vivo <\/strong><\/em>transmitido pela Rede <em><strong>Globo<\/strong><\/em> neste domingo (27\/03), e a \u00faltima\u00a0<em><strong><a href=\"http:\/\/bbb.globo.com\/votacao\/18406.html\" target=\"_blank\">vota\u00e7\u00e3o <\/a><\/strong><\/em>est\u00e1 aberta. <strong><em>Daniel<\/em><\/strong> j\u00e1 estava classificado como finalista desde s\u00e1bado, quando conquistou a \u00faltima lideran\u00e7a do BBB 11. <strong><em>Maria<\/em><\/strong> e <strong><em>Wesley<\/em><\/strong> foram definidos como finalistas quando Diana foi eliminada com 75% dos votos do p\u00fablico. Eles concorrem ao pr\u00eamio de 1,5 milh\u00e3o de reais, livre de impostos. Al\u00e9m da bolada do primeiro lugar, o segundo e o terceiro colocado levam para casa, respectivamente, R$ 150 mil e R$ 50 mil.<\/p>\n<p>A vota\u00e7\u00e3o agora n\u00e3o \u00e9 mais para eliminar. A partir de agora o endere\u00e7o oficial de vota\u00e7\u00e3o da Rede Globo BBB 11 (<a href=\"http:\/\/bbb.globo.com\/votacao\/18406.html\" target=\"_blank\">Clique Aqui<\/a>) est\u00e1 recebendo votos para definir o vencedor do programa. Nas enquetes dos grandes portais Maria tem a prefer\u00eancia do p\u00fablico para vencer esta edi\u00e7\u00e3o.<\/p>\n<p>O pr\u00eamio para os tr\u00eas finalistas BBB 11 est\u00e1 igual ao BBB 10. De 2005 at\u00e9 2009, os pr\u00eamios eram, respectivamente, de R$ 1 milh\u00e3o, R$ 100 mil e R$ 30 mil.<\/p>\n<p>O resultado da vota\u00e7\u00e3o ser\u00e1 conhecido no programa ao vivo BBB 11 de ter\u00e7a-feira (29\/03). Um show com a participa\u00e7\u00e3o dos Brothers eliminados est\u00e1 confirmado para animar a grande final.<\/p>\n<p>BBB 11 \u2013 vota\u00e7\u00e3o.<\/p>\n","protected":false},"excerpt":{"rendered":"<p>BBB 11 &#8211; os finalistas do\u00a0BBB 11 foram conhecidos no programa\u00a0ao vivo transmitido pela Rede Globo neste domingo (27\/03), e a \u00faltima\u00a0vota\u00e7\u00e3o est\u00e1 aberta. Daniel j\u00e1 estava classificado como finalista desde s\u00e1bado, quando conquistou a \u00faltima lideran\u00e7a do BBB 11. Maria e Wesley foram definidos como finalistas quando Diana foi eliminada com 75% dos votos [&hellip;]<\/p>\n","protected":false},"author":3,"featured_media":22134,"comment_status":"open","ping_status":"open","sticky":false,"template":"","format":"standard","meta":{"tdm_status":"","tdm_grid_status":"","footnotes":""},"categories":[520,22,375,343],"tags":[],"class_list":{"0":"post-34258","1":"post","2":"type-post","3":"status-publish","4":"format-standard","5":"has-post-thumbnail","7":"category-big-brother-brasil","8":"category-brasil","9":"category-rede-globo","10":"category-televisao"},"_links":{"self":[{"href":"https:\/\/migracao.redenoticia.com.br\/noticia\/wp-json\/wp\/v2\/posts\/34258","targetHints":{"allow":["GET"]}}],"collection":[{"href":"https:\/\/migracao.redenoticia.com.br\/noticia\/wp-json\/wp\/v2\/posts"}],"about":[{"href":"https:\/\/migracao.redenoticia.com.br\/noticia\/wp-json\/wp\/v2\/types\/post"}],"author":[{"embeddable":true,"href":"https:\/\/migracao.redenoticia.com.br\/noticia\/wp-json\/wp\/v2\/users\/3"}],"replies":[{"embeddable":true,"href":"https:\/\/migracao.redenoticia.com.br\/noticia\/wp-json\/wp\/v2\/comments?post=34258"}],"version-history":[{"count":0,"href":"https:\/\/migracao.redenoticia.com.br\/noticia\/wp-json\/wp\/v2\/posts\/34258\/revisions"}],"wp:featuredmedia":[{"embeddable":true,"href":"https:\/\/migracao.redenoticia.com.br\/noticia\/wp-json\/wp\/v2\/media\/22134"}],"wp:attachment":[{"href":"https:\/\/migracao.redenoticia.com.br\/noticia\/wp-json\/wp\/v2\/media?parent=34258"}],"wp:term":[{"taxonomy":"category","embeddable":true,"href":"https:\/\/migracao.redenoticia.com.br\/noticia\/wp-json\/wp\/v2\/categories?post=34258"},{"taxonomy":"post_tag","embeddable":true,"href":"https:\/\/migracao.redenoticia.com.br\/noticia\/wp-json\/wp\/v2\/tags?post=34258"}],"curies":[{"name":"wp","href":"https:\/\/api.w.org\/{rel}","templated":true}]}}