{"id":34278,"date":"2011-03-29T12:46:18","date_gmt":"2011-03-29T16:46:18","guid":{"rendered":"http:\/\/www.redenoticia.com.br\/noticia\/?p=34278"},"modified":"2011-03-29T16:53:48","modified_gmt":"2011-03-29T20:53:48","slug":"volkswagen-premia-15-concessionarios-em-todo-o-brasil","status":"publish","type":"post","link":"https:\/\/migracao.redenoticia.com.br\/noticia\/2011\/volkswagen-premia-15-concessionarios-em-todo-o-brasil\/34278","title":{"rendered":"Volkswagen premia 15 concession\u00e1rios em todo o Brasil"},"content":{"rendered":"<p>A <em><strong>Volkswagen <\/strong><\/em>do Brasil premiou 15 concession\u00e1rios de oito Estados brasileiros no  evento &#8220;Gold Pin 2010&#8221;, realizado em S\u00e3o Paulo. A tradicional premia\u00e7\u00e3o, que  acontece anualmente, \u00e9 uma iniciativa da matriz da Volkswagen, na Alemanha, que  participa do processo de defini\u00e7\u00e3o dos concession\u00e1rios que ter\u00e3o o  reconhecimento no Brasil.<\/p>\n<p>Na entrega deste ano, os titulares das 15 concession\u00e1rias escolhidas  receberam, como gesto simb\u00f3lico, o Gold Pin &#8211; um pin de ouro com o logo da marca  Volkswagen -, e um diploma. A premia\u00e7\u00e3o reconhece o trabalho desenvolvido em  2010, al\u00e9m da parceria, engajamento e alinhamento com os valores e as diretrizes  da marca. Atualmente, a Volkswagen do Brasil conta com mais de 600  concession\u00e1rias em todo Pa\u00eds.<\/p>\n<p>&#8220;\u00c9 muito gratificante poder reconhecer o bom trabalho realizado por  nossos concession\u00e1rios, que s\u00e3o aqueles que representam a marca Volkswagen junto  aos clientes&#8221;, disse a vice-presidente de Vendas e Marketing da Volkswagen do  Brasil, Jutta Dierks.<\/p>\n<p>Confira a lista de premiados:<\/p>\n<p>Concession\u00e1ria Cidade Estado<br \/>\nCaltabiano Alphaville Ve\u00edculos Ltda.  Barueri SP<br \/>\nAmazon Ve\u00edculos e Pe\u00e7as Ltda. S\u00e3o Paulo SP<br \/>\nAlta Coml.  Ve\u00edculos Ltda. S\u00e3o Paulo SP<br \/>\nFaria Ve\u00edculos Ltda. Catanduva SP<br \/>\nDiscasa \u2013  Distribuidor S\u00e3o Carlos Aut. Ltda. S\u00e3o Carlos SP<br \/>\nOriginal Ve\u00edculos Ltda.  Taubat\u00e9 SP<br \/>\nGuaibacar Ve\u00edculos e Pe\u00e7as Ltda. Porto Alegre RS<br \/>\nAuto Elite  Ltda. Ca\u00e7ador SC<br \/>\nPir\u00e2mide Ve\u00edculos Ltda. Dion\u00edsio Cerqueira SC<br \/>\nThema  Ve\u00edculos Ltda. Juiz de Fora MG<br \/>\nRecreio Vit\u00f3ria Ve\u00edculos Ltda. Vila Velha ES<br \/>\nAlemanha Ve\u00edculos Ltda. Teresina PI<br \/>\nDiscautol \u2013 Distr. Campo Grande  Autom\u00f3veis Ltda. Campo Grande MS<br \/>\nNasa Ve\u00edculos Ltda. An\u00e1polis GO<br \/>\nSaga SA  Goi\u00e1s de Autom\u00f3veis Goi\u00e2nia GO<\/p>\n<p>Volkswagen do Brasil<\/p>\n<p>&nbsp;<\/p>\n","protected":false},"excerpt":{"rendered":"<p>A Volkswagen do Brasil premiou 15 concession\u00e1rios de oito Estados brasileiros no evento &#8220;Gold Pin 2010&#8221;, realizado em S\u00e3o Paulo. A tradicional premia\u00e7\u00e3o, que acontece anualmente, \u00e9 uma iniciativa da matriz da Volkswagen, na Alemanha, que participa do processo de defini\u00e7\u00e3o dos concession\u00e1rios que ter\u00e3o o reconhecimento no Brasil. Na entrega deste ano, os titulares [&hellip;]<\/p>\n","protected":false},"author":3,"featured_media":0,"comment_status":"open","ping_status":"open","sticky":false,"template":"","format":"standard","meta":{"tdm_status":"","tdm_grid_status":"","footnotes":""},"categories":[22],"tags":[],"class_list":{"0":"post-34278","1":"post","2":"type-post","3":"status-publish","4":"format-standard","6":"category-brasil"},"_links":{"self":[{"href":"https:\/\/migracao.redenoticia.com.br\/noticia\/wp-json\/wp\/v2\/posts\/34278","targetHints":{"allow":["GET"]}}],"collection":[{"href":"https:\/\/migracao.redenoticia.com.br\/noticia\/wp-json\/wp\/v2\/posts"}],"about":[{"href":"https:\/\/migracao.redenoticia.com.br\/noticia\/wp-json\/wp\/v2\/types\/post"}],"author":[{"embeddable":true,"href":"https:\/\/migracao.redenoticia.com.br\/noticia\/wp-json\/wp\/v2\/users\/3"}],"replies":[{"embeddable":true,"href":"https:\/\/migracao.redenoticia.com.br\/noticia\/wp-json\/wp\/v2\/comments?post=34278"}],"version-history":[{"count":0,"href":"https:\/\/migracao.redenoticia.com.br\/noticia\/wp-json\/wp\/v2\/posts\/34278\/revisions"}],"wp:attachment":[{"href":"https:\/\/migracao.redenoticia.com.br\/noticia\/wp-json\/wp\/v2\/media?parent=34278"}],"wp:term":[{"taxonomy":"category","embeddable":true,"href":"https:\/\/migracao.redenoticia.com.br\/noticia\/wp-json\/wp\/v2\/categories?post=34278"},{"taxonomy":"post_tag","embeddable":true,"href":"https:\/\/migracao.redenoticia.com.br\/noticia\/wp-json\/wp\/v2\/tags?post=34278"}],"curies":[{"name":"wp","href":"https:\/\/api.w.org\/{rel}","templated":true}]}}