{"id":34289,"date":"2011-03-29T12:37:53","date_gmt":"2011-03-29T16:37:53","guid":{"rendered":"http:\/\/www.redenoticia.com.br\/noticia\/?p=34289"},"modified":"2011-03-29T16:43:37","modified_gmt":"2011-03-29T20:43:37","slug":"oportunidades-de-negocio-para-a-copa-de-2014","status":"publish","type":"post","link":"https:\/\/migracao.redenoticia.com.br\/noticia\/2011\/oportunidades-de-negocio-para-a-copa-de-2014\/34289","title":{"rendered":"Oportunidades de neg\u00f3cio para a Copa de 2014"},"content":{"rendered":"<p>Rio de Janeiro \u2013 Um estudo feito pelo Servi\u00e7o Brasileiro de Apoio \u00e0s Micro e Pequenas Empresas (Sebrae) aponta a exist\u00eancia de 448 atividades, em quatro setores da economia, que podem ser explorados por pequenas e microempresas at\u00e9 a <em><strong>Copa de 2014<\/strong><\/em> &#8211; durante e depois do evento. Os n\u00fameros fazem parte de um levantamento divulgado hoje (29), no Rio de Janeiro, e feito para identificar<em><strong> oportunidades de neg\u00f3cio<\/strong><\/em> nas 12 cidades-sede da Copa.<\/p>\n<p>O setor que aparece com mais atividades promissoras \u00e9 o da constru\u00e7\u00e3o civil (128 atividades), principalmente no per\u00edodo pr\u00e9-evento. O setor denominado produ\u00e7\u00e3o associada ao turismo aparece em segundo lugar no estudo e envolve 117 atividades associadas \u00e0 economia criativa, gastronomia e a atividades art\u00edsticas, entre outras. Turismo e tecnologia da informa\u00e7\u00e3o s\u00e3o os outros dois setores com grande n\u00famero de oportunidades de neg\u00f3cios (98 e 105 atividades respectivamente).<\/p>\n<p>O presidente do Sebrae, Luiz Barretto, explicou que o Mapa de Oportunidades, desenvolvido pela Funda\u00e7\u00e3o Getulio Vargas (FGV), identifica as oportunidades de neg\u00f3cios e auxilia os pequenos empres\u00e1rios a respeito de requisitos obrigat\u00f3rios e classificat\u00f3rios para poderem aproveitar as oportunidades.<\/p>\n<p>\u201cEsse \u00e9 um esfor\u00e7o do Sebrae para que os pequenos neg\u00f3cios tenham uma atividade mais organizada e com um potencial maior\u201d, explicou Barretto.<\/p>\n<p>Entre os documentos gerais e espec\u00edficos necess\u00e1rios \u00e0s empresas para atua\u00e7\u00e3o em suas \u00e1reas est\u00e3o os ligados \u00e0 sustentabilidade. \u201cAfinal estamos falando de uma Copa Verde e as empresas v\u00e3o ter que provar capacidade t\u00e9cnica para desenvolver atividades limpas e ambientalmente respons\u00e1veis\u201d, afirmou.<\/p>\n<p>Segundo o levantamento, 99% das empresas brasileiras s\u00e3o pequenas ou micro. Para divulgar o estudo a esse p\u00fablico, o Sebrae ir\u00e1 investir R$ 80 milh\u00f5es para promover semin\u00e1rios, encontros empresariais e cursos de capacita\u00e7\u00e3o nas 12 cidades-sede da Copa de 2014 nos pr\u00f3ximos tr\u00eas anos. O Rio ser\u00e1 a primeira cidade a receber essas atividades, em maio.<\/p>\n<p>A segunda etapa ser\u00e1 a identifica\u00e7\u00e3o das oportunidades de neg\u00f3cio mais promissoras nos estados cujas capitais sediar\u00e3o a Copa, levando em considera\u00e7\u00e3o as aptid\u00f5es locais. At\u00e9 maio dever\u00e3o estar conclu\u00eddos os dados regionais dos quatro setores. O Sebrae pretende mapear, ainda neste primeiro semestre, mais cinco setores: agroneg\u00f3cio, madeira e m\u00f3veis, t\u00eaxtil e confec\u00e7\u00e3o, com\u00e9rcio varejista e servi\u00e7os.<\/p>\n<p>Fl\u00e1via Villela<br \/>\nRep\u00f3rter da Ag\u00eancia Brasil<\/p>\n<p>Edi\u00e7\u00e3o: L\u00edlian Beraldo<\/p>\n","protected":false},"excerpt":{"rendered":"<p>Rio de Janeiro \u2013 Um estudo feito pelo Servi\u00e7o Brasileiro de Apoio \u00e0s Micro e Pequenas Empresas (Sebrae) aponta a exist\u00eancia de 448 atividades, em quatro setores da economia, que podem ser explorados por pequenas e microempresas at\u00e9 a Copa de 2014 &#8211; durante e depois do evento. Os n\u00fameros fazem parte de um levantamento [&hellip;]<\/p>\n","protected":false},"author":3,"featured_media":0,"comment_status":"open","ping_status":"open","sticky":false,"template":"","format":"standard","meta":{"tdm_status":"","tdm_grid_status":"","footnotes":""},"categories":[22,370,353],"tags":[],"class_list":{"0":"post-34289","1":"post","2":"type-post","3":"status-publish","4":"format-standard","6":"category-brasil","7":"category-inscricao","8":"category-oportunidades"},"_links":{"self":[{"href":"https:\/\/migracao.redenoticia.com.br\/noticia\/wp-json\/wp\/v2\/posts\/34289","targetHints":{"allow":["GET"]}}],"collection":[{"href":"https:\/\/migracao.redenoticia.com.br\/noticia\/wp-json\/wp\/v2\/posts"}],"about":[{"href":"https:\/\/migracao.redenoticia.com.br\/noticia\/wp-json\/wp\/v2\/types\/post"}],"author":[{"embeddable":true,"href":"https:\/\/migracao.redenoticia.com.br\/noticia\/wp-json\/wp\/v2\/users\/3"}],"replies":[{"embeddable":true,"href":"https:\/\/migracao.redenoticia.com.br\/noticia\/wp-json\/wp\/v2\/comments?post=34289"}],"version-history":[{"count":0,"href":"https:\/\/migracao.redenoticia.com.br\/noticia\/wp-json\/wp\/v2\/posts\/34289\/revisions"}],"wp:attachment":[{"href":"https:\/\/migracao.redenoticia.com.br\/noticia\/wp-json\/wp\/v2\/media?parent=34289"}],"wp:term":[{"taxonomy":"category","embeddable":true,"href":"https:\/\/migracao.redenoticia.com.br\/noticia\/wp-json\/wp\/v2\/categories?post=34289"},{"taxonomy":"post_tag","embeddable":true,"href":"https:\/\/migracao.redenoticia.com.br\/noticia\/wp-json\/wp\/v2\/tags?post=34289"}],"curies":[{"name":"wp","href":"https:\/\/api.w.org\/{rel}","templated":true}]}}