{"id":34300,"date":"2011-03-30T00:02:05","date_gmt":"2011-03-30T04:02:05","guid":{"rendered":"http:\/\/www.redenoticia.com.br\/noticia\/?p=34300"},"modified":"2018-08-13T10:33:24","modified_gmt":"2018-08-13T13:33:24","slug":"maria-vence-o-bbb-11-e-afirma-que-mariou","status":"publish","type":"post","link":"https:\/\/migracao.redenoticia.com.br\/noticia\/2011\/maria-vence-o-bbb-11-e-afirma-que-mariou\/34300","title":{"rendered":"Maria vence o BBB 11 e afirma que &#8220;Mariou&#8221;"},"content":{"rendered":"<p><em><strong><img loading=\"lazy\" decoding=\"async\" class=\"alignleft size-full wp-image-22134\" title=\"BBB 11 votacao Rede Globo\" src=\"https:\/\/migracao.redenoticia.com.br\/noticia\/imagens\/BBB-10-Rede-Globo.jpg\" alt=\"\" width=\"300\" height=\"193\" srcset=\"https:\/\/migracao.redenoticia.com.br\/noticia\/imagens\/BBB-10-Rede-Globo.jpg 300w, https:\/\/migracao.redenoticia.com.br\/noticia\/imagens\/BBB-10-Rede-Globo-250x161.jpg 250w, https:\/\/migracao.redenoticia.com.br\/noticia\/imagens\/BBB-10-Rede-Globo-150x97.jpg 150w\" sizes=\"auto, (max-width: 300px) 100vw, 300px\" \/>BBB 11<\/strong><\/em> &#8211; a<em><strong> vencedora<\/strong><\/em> do programa BBB 11, <em><strong>Maria<\/strong><\/em>, disse para o apresentador Pedro Bial que o motivo da conquista foi que ela &#8220;Mariou&#8221;. O termo foi usado pelos confinados para definir as confus\u00f5es da atriz em diversos momentos do programa, como quando Maria confundiu torneiro mec\u00e2nico com touro mec\u00e2nico.<\/p>\n<p>Maria venceu o BBB 11 com 43% dos votos oficiais do p\u00fablico. O m\u00e9dico Wesley ficou em segundo com 31%, e Daniel em terceiro com 26% dos votos.<\/p>\n<p>Daniel disse que usaria o pr\u00eamio BBB 11 de 1,5 milh\u00e3o de reais para manter o asilo criado por ele. Como ele n\u00e3o venceu o programa, o apresentador Pedro Bial fez um apelo para que empres\u00e1rios o ajudem com 20 mil reais mensais.<\/p>\n<p>Ap\u00f3s a vit\u00f3ria no BBB 11, Maria recebeu o abra\u00e7o dos amigos do confinamento. Wesley beijou a namorada e vencedora Maria.<\/p>\n<p>A final do BBB 11 e a vit\u00f3ria de Maria foi animada com a apresenta\u00e7\u00e3o do grupo musical Jota Quest.<\/p>\n<p>BBB 11 &#8211; vit\u00f3ria de Maria<\/p>\n","protected":false},"excerpt":{"rendered":"<p>BBB 11 &#8211; a vencedora do programa BBB 11, Maria, disse para o apresentador Pedro Bial que o motivo da conquista foi que ela &#8220;Mariou&#8221;. O termo foi usado pelos confinados para definir as confus\u00f5es da atriz em diversos momentos do programa, como quando Maria confundiu torneiro mec\u00e2nico com touro mec\u00e2nico. Maria venceu o BBB [&hellip;]<\/p>\n","protected":false},"author":3,"featured_media":22134,"comment_status":"open","ping_status":"open","sticky":false,"template":"","format":"standard","meta":{"tdm_status":"","tdm_grid_status":"","footnotes":""},"categories":[520,22,375,343],"tags":[],"class_list":{"0":"post-34300","1":"post","2":"type-post","3":"status-publish","4":"format-standard","5":"has-post-thumbnail","7":"category-big-brother-brasil","8":"category-brasil","9":"category-rede-globo","10":"category-televisao"},"_links":{"self":[{"href":"https:\/\/migracao.redenoticia.com.br\/noticia\/wp-json\/wp\/v2\/posts\/34300","targetHints":{"allow":["GET"]}}],"collection":[{"href":"https:\/\/migracao.redenoticia.com.br\/noticia\/wp-json\/wp\/v2\/posts"}],"about":[{"href":"https:\/\/migracao.redenoticia.com.br\/noticia\/wp-json\/wp\/v2\/types\/post"}],"author":[{"embeddable":true,"href":"https:\/\/migracao.redenoticia.com.br\/noticia\/wp-json\/wp\/v2\/users\/3"}],"replies":[{"embeddable":true,"href":"https:\/\/migracao.redenoticia.com.br\/noticia\/wp-json\/wp\/v2\/comments?post=34300"}],"version-history":[{"count":0,"href":"https:\/\/migracao.redenoticia.com.br\/noticia\/wp-json\/wp\/v2\/posts\/34300\/revisions"}],"wp:featuredmedia":[{"embeddable":true,"href":"https:\/\/migracao.redenoticia.com.br\/noticia\/wp-json\/wp\/v2\/media\/22134"}],"wp:attachment":[{"href":"https:\/\/migracao.redenoticia.com.br\/noticia\/wp-json\/wp\/v2\/media?parent=34300"}],"wp:term":[{"taxonomy":"category","embeddable":true,"href":"https:\/\/migracao.redenoticia.com.br\/noticia\/wp-json\/wp\/v2\/categories?post=34300"},{"taxonomy":"post_tag","embeddable":true,"href":"https:\/\/migracao.redenoticia.com.br\/noticia\/wp-json\/wp\/v2\/tags?post=34300"}],"curies":[{"name":"wp","href":"https:\/\/api.w.org\/{rel}","templated":true}]}}