{"id":34310,"date":"2011-03-30T18:19:28","date_gmt":"2011-03-30T22:19:28","guid":{"rendered":"http:\/\/www.redenoticia.com.br\/noticia\/?p=34310"},"modified":"2011-03-30T18:19:28","modified_gmt":"2011-03-30T22:19:28","slug":"segurados-inss-acima-do-piso-comecam-a-receber-sexta-1%c2%ba","status":"publish","type":"post","link":"https:\/\/migracao.redenoticia.com.br\/noticia\/2011\/segurados-inss-acima-do-piso-comecam-a-receber-sexta-1%c2%ba\/34310","title":{"rendered":"Segurados INSS acima do piso come\u00e7am a receber sexta (1\u00ba)"},"content":{"rendered":"<p><img loading=\"lazy\" decoding=\"async\" class=\"alignleft size-full wp-image-24050\" title=\"inss pagamento aposentadoria beneficio aposentados\" src=\"https:\/\/migracao.redenoticia.com.br\/noticia\/imagens\/inss-pagamento-aposentadoria-beneficio-aposentados.jpg\" alt=\"\" width=\"300\" height=\"193\" srcset=\"https:\/\/migracao.redenoticia.com.br\/noticia\/imagens\/inss-pagamento-aposentadoria-beneficio-aposentados.jpg 300w, https:\/\/migracao.redenoticia.com.br\/noticia\/imagens\/inss-pagamento-aposentadoria-beneficio-aposentados-250x161.jpg 250w, https:\/\/migracao.redenoticia.com.br\/noticia\/imagens\/inss-pagamento-aposentadoria-beneficio-aposentados-150x97.jpg 150w\" sizes=\"auto, (max-width: 300px) 100vw, 300px\" \/>Da Reda\u00e7\u00e3o (Bras\u00edlia) &#8211; O Instituto Nacional do Seguro Social (<em><strong>INSS<\/strong><\/em>) deposita, nesta quinta-feira (31), o <em><strong>benef\u00edcio<\/strong><\/em> de aposentados, pensionistas e demais segurados que ganham at\u00e9 um sal\u00e1rio m\u00ednimo e t\u00eam cart\u00e3o com final 5, desconsiderando-se o d\u00edgito.\u00a0O <em><strong>pagamento de quem ganha acima do sal\u00e1rio m\u00ednino<\/strong><\/em> come\u00e7a nesta sexta-feira (1\u00ba).<\/p>\n<p>A folha INSS de mar\u00e7o ir\u00e1 pagar mais de 28 milh\u00f5es de benef\u00edcios at\u00e9 o dia 7 de abril de 2011.<\/p>\n<p>O calend\u00e1rio de pagamento de 2011 est\u00e1 dispon\u00edvel no Portal da Previd\u00eancia Social. Para acess\u00e1-lo, basta entrar na \u201cAg\u00eancia Eletr\u00f4nica: Segurado\u201d e clicar na \u201cTabela de Pagamento de Benef\u00edcio 2011\u201d.<\/p>\n<p>Os segurados da Previd\u00eancia Social tamb\u00e9m podem se informar sobre as datas do pagamento com os operadores da Central 135. A liga\u00e7\u00e3o \u00e9 gratuita de telefones fixos ou p\u00fablicos e tem custo de chamada local, quando feita de celular.<\/p>\n<p>Ascom\/MPS<\/p>\n<p>O Instituto Nacional do Seguro Social (INSS) enviou neste m\u00eas de mar\u00e7o cartas  aos segurados urbanos que completam as condi\u00e7\u00f5es para se aposentar por idade em  abril. A correspond\u00eancia avisa ao cidad\u00e3o que ele pode requerer o benef\u00edcio a  partir da data de seu anivers\u00e1rio. O lote liberado pelo INSS cont\u00e9m 1.618  cartas-aviso.<\/p>\n<p>Recebem o documento os homens que a partir de sexta-feira  (1\u00ba) completam 65 anos e as mulheres que completam 60. Em ambos os casos \u00e9  preciso ter 180 contribui\u00e7\u00f5es. O aviso traz orienta\u00e7\u00f5es ao segurado sobre como  requerer o seu benef\u00edcio.<\/p>\n","protected":false},"excerpt":{"rendered":"<p>Da Reda\u00e7\u00e3o (Bras\u00edlia) &#8211; O Instituto Nacional do Seguro Social (INSS) deposita, nesta quinta-feira (31), o benef\u00edcio de aposentados, pensionistas e demais segurados que ganham at\u00e9 um sal\u00e1rio m\u00ednimo e t\u00eam cart\u00e3o com final 5, desconsiderando-se o d\u00edgito.\u00a0O pagamento de quem ganha acima do sal\u00e1rio m\u00ednino come\u00e7a nesta sexta-feira (1\u00ba). A folha INSS de mar\u00e7o [&hellip;]<\/p>\n","protected":false},"author":3,"featured_media":24050,"comment_status":"open","ping_status":"open","sticky":false,"template":"","format":"standard","meta":{"tdm_status":"","tdm_grid_status":"","footnotes":""},"categories":[22,7],"tags":[],"class_list":{"0":"post-34310","1":"post","2":"type-post","3":"status-publish","4":"format-standard","5":"has-post-thumbnail","7":"category-brasil","8":"category-economia"},"_links":{"self":[{"href":"https:\/\/migracao.redenoticia.com.br\/noticia\/wp-json\/wp\/v2\/posts\/34310","targetHints":{"allow":["GET"]}}],"collection":[{"href":"https:\/\/migracao.redenoticia.com.br\/noticia\/wp-json\/wp\/v2\/posts"}],"about":[{"href":"https:\/\/migracao.redenoticia.com.br\/noticia\/wp-json\/wp\/v2\/types\/post"}],"author":[{"embeddable":true,"href":"https:\/\/migracao.redenoticia.com.br\/noticia\/wp-json\/wp\/v2\/users\/3"}],"replies":[{"embeddable":true,"href":"https:\/\/migracao.redenoticia.com.br\/noticia\/wp-json\/wp\/v2\/comments?post=34310"}],"version-history":[{"count":0,"href":"https:\/\/migracao.redenoticia.com.br\/noticia\/wp-json\/wp\/v2\/posts\/34310\/revisions"}],"wp:featuredmedia":[{"embeddable":true,"href":"https:\/\/migracao.redenoticia.com.br\/noticia\/wp-json\/wp\/v2\/media\/24050"}],"wp:attachment":[{"href":"https:\/\/migracao.redenoticia.com.br\/noticia\/wp-json\/wp\/v2\/media?parent=34310"}],"wp:term":[{"taxonomy":"category","embeddable":true,"href":"https:\/\/migracao.redenoticia.com.br\/noticia\/wp-json\/wp\/v2\/categories?post=34310"},{"taxonomy":"post_tag","embeddable":true,"href":"https:\/\/migracao.redenoticia.com.br\/noticia\/wp-json\/wp\/v2\/tags?post=34310"}],"curies":[{"name":"wp","href":"https:\/\/api.w.org\/{rel}","templated":true}]}}