{"id":34317,"date":"2011-03-30T14:43:41","date_gmt":"2011-03-30T18:43:41","guid":{"rendered":"http:\/\/www.redenoticia.com.br\/noticia\/?p=34317"},"modified":"2011-03-30T18:45:58","modified_gmt":"2011-03-30T22:45:58","slug":"curso-gratuito-orienta-universitarios-sobre-como-construir-seu-futuro","status":"publish","type":"post","link":"https:\/\/migracao.redenoticia.com.br\/noticia\/2011\/curso-gratuito-orienta-universitarios-sobre-como-construir-seu-futuro\/34317","title":{"rendered":"Curso gratuito orienta universit\u00e1rios sobre como construir seu futuro"},"content":{"rendered":"<p>Responder com seguran\u00e7a a pergunta &#8220;O que eu quero ser?&#8221; n\u00e3o \u00e9 a \u00fanica dificuldade que jovens enfrentam ao se depararem com o vestibular e a universidade. No repert\u00f3rio de d\u00favidas, est\u00e3o tamb\u00e9m quest\u00f5es como &#8220;Estou feliz?&#8221;; &#8220;Serei capaz de concretizar meus sonhos?&#8221;; &#8220;Conseguirei construir meu futuro como o idealizo?&#8221; Para ajud\u00e1-los a encontrar as respostas, a Funda\u00e7\u00e3o Logos\u00f3fica, em Botafogo, promove no dia 9 de abril, s\u00e1bado, \u00e0s 16 horas, a primeira aula do <em><strong>curso gratuito &#8220;O jovem e a constru\u00e7\u00e3o do pr\u00f3prio futuro&#8221;<\/strong><\/em>.<\/p>\n<p>O objetivo deste curso de extens\u00e3o \u00e9 auxiliar o universit\u00e1rio na compreens\u00e3o de que o futuro \u00e9 constru\u00eddo a cada momento e que, quando estamos conscientes das nossas reais possibilidades, somos mais aptos a identificar incoer\u00eancias de posicionamento que dificultam o alcance de metas; a promover o desenvolvimento pessoal; e a perceber e saber aproveitar as oportunidades que se apresentam diante de n\u00f3s.<\/p>\n<p>Durante as aulas os docentes de logosofia Tadeu Almeida e Izabel Copello ir\u00e3o orientar os jovens a aprender a se conhecer melhor, a se colocar em situa\u00e7\u00f5es dif\u00edceis do dia a dia, cultivando e desenvolvendo valores \u00e9ticos e morais que ir\u00e3o contribuir para a vida pessoal e profissional. &#8220;Somos respons\u00e1veis por tudo que nos acontece, portanto, somos tamb\u00e9m capazes de alcan\u00e7ar tudo aquilo que desejamos, n\u00e3o pela &#8216;m\u00e1gica&#8217;, mas pelo conhecimento de quem somos, de nossas limita\u00e7\u00f5es e potenciais, o que requer dedica\u00e7\u00e3o e disciplina&#8221;, explica Izabel Copello. &#8220;A Logosofia nos ensina que a chave para o autoconhecimento est\u00e1 em conhecer a mente e sermos donos de nossos pensamentos&#8221;, conclui.<\/p>\n<p>As aulas ser\u00e3o ministradas sempre aos s\u00e1bados, no per\u00edodo de 9 de abril a 4 de junho, de 16h \u00e0s 18h20. Al\u00e9m do material did\u00e1tico, os alunos ir\u00e3o receber certificado de participa\u00e7\u00e3o no curso que tem dura\u00e7\u00e3o de 20 horas. Mais informa\u00e7\u00f5es e inscri\u00e7\u00f5es: (21) 2543-1138 ou rj-cursos@logosofia.org.br<\/p>\n<p>Funda\u00e7\u00e3o Logos\u00f3fica &#8211; &#8220;O jovem e a constru\u00e7\u00e3o do pr\u00f3prio futuro&#8221;<br \/>\nData: 9 de abril at\u00e9 4 de junho (aos s\u00e1bados)<br \/>\nHor\u00e1rio: 16h \u00e0s 18h20<br \/>\nEndere\u00e7o: Rua General Polidoro, 36 &#8211; Botafogo.<br \/>\nInscri\u00e7\u00f5es: (21) 2543-1138 ou rj-cursos@logosofia.org.br<\/p>\n","protected":false},"excerpt":{"rendered":"<p>Responder com seguran\u00e7a a pergunta &#8220;O que eu quero ser?&#8221; n\u00e3o \u00e9 a \u00fanica dificuldade que jovens enfrentam ao se depararem com o vestibular e a universidade. No repert\u00f3rio de d\u00favidas, est\u00e3o tamb\u00e9m quest\u00f5es como &#8220;Estou feliz?&#8221;; &#8220;Serei capaz de concretizar meus sonhos?&#8221;; &#8220;Conseguirei construir meu futuro como o idealizo?&#8221; Para ajud\u00e1-los a encontrar as [&hellip;]<\/p>\n","protected":false},"author":3,"featured_media":0,"comment_status":"open","ping_status":"open","sticky":false,"template":"","format":"standard","meta":{"tdm_status":"","tdm_grid_status":"","footnotes":""},"categories":[22,351,370],"tags":[],"class_list":{"0":"post-34317","1":"post","2":"type-post","3":"status-publish","4":"format-standard","6":"category-brasil","7":"category-cursos","8":"category-inscricao"},"_links":{"self":[{"href":"https:\/\/migracao.redenoticia.com.br\/noticia\/wp-json\/wp\/v2\/posts\/34317","targetHints":{"allow":["GET"]}}],"collection":[{"href":"https:\/\/migracao.redenoticia.com.br\/noticia\/wp-json\/wp\/v2\/posts"}],"about":[{"href":"https:\/\/migracao.redenoticia.com.br\/noticia\/wp-json\/wp\/v2\/types\/post"}],"author":[{"embeddable":true,"href":"https:\/\/migracao.redenoticia.com.br\/noticia\/wp-json\/wp\/v2\/users\/3"}],"replies":[{"embeddable":true,"href":"https:\/\/migracao.redenoticia.com.br\/noticia\/wp-json\/wp\/v2\/comments?post=34317"}],"version-history":[{"count":0,"href":"https:\/\/migracao.redenoticia.com.br\/noticia\/wp-json\/wp\/v2\/posts\/34317\/revisions"}],"wp:attachment":[{"href":"https:\/\/migracao.redenoticia.com.br\/noticia\/wp-json\/wp\/v2\/media?parent=34317"}],"wp:term":[{"taxonomy":"category","embeddable":true,"href":"https:\/\/migracao.redenoticia.com.br\/noticia\/wp-json\/wp\/v2\/categories?post=34317"},{"taxonomy":"post_tag","embeddable":true,"href":"https:\/\/migracao.redenoticia.com.br\/noticia\/wp-json\/wp\/v2\/tags?post=34317"}],"curies":[{"name":"wp","href":"https:\/\/api.w.org\/{rel}","templated":true}]}}