{"id":34337,"date":"2011-03-31T14:02:26","date_gmt":"2011-03-31T18:02:26","guid":{"rendered":"http:\/\/www.redenoticia.com.br\/noticia\/?p=34337"},"modified":"2011-03-31T14:02:26","modified_gmt":"2011-03-31T18:02:26","slug":"bahia-abre-processo-de-avaliacao-de-professores-pelo-cespeunb","status":"publish","type":"post","link":"https:\/\/migracao.redenoticia.com.br\/noticia\/2011\/bahia-abre-processo-de-avaliacao-de-professores-pelo-cespeunb\/34337","title":{"rendered":"Bahia abre processo de avalia\u00e7\u00e3o de professores pelo Cespe\/UnB"},"content":{"rendered":"<p><img loading=\"lazy\" decoding=\"async\" class=\"alignleft size-full wp-image-28954\" title=\"concurso publico\" src=\"https:\/\/migracao.redenoticia.com.br\/noticia\/imagens\/concurso-publico.jpg\" alt=\"\" width=\"300\" height=\"193\" srcset=\"https:\/\/migracao.redenoticia.com.br\/noticia\/imagens\/concurso-publico.jpg 300w, https:\/\/migracao.redenoticia.com.br\/noticia\/imagens\/concurso-publico-250x160.jpg 250w, https:\/\/migracao.redenoticia.com.br\/noticia\/imagens\/concurso-publico-150x96.jpg 150w\" sizes=\"auto, (max-width: 300px) 100vw, 300px\" \/>Processo de <strong><em>avalia\u00e7\u00e3o de desempenho para Professores na Bahia<\/em><\/strong> &#8211; a\u00a0Secretaria de Educa\u00e7\u00e3o da Bahia, atrav\u00e9s do <em><strong>Cespe\/UnB <\/strong><\/em>vai realizar o processo de avalia\u00e7\u00e3o de desempenho para Professores e Coordenadores Pedag\u00f3gicos dos ensinos fundamental e m\u00e9dio do estado. O objetivo \u00e9 conceder progress\u00e3o na carreira, dentro do limite de tr\u00eas mil vagas, para os candidatos classificados que obtiverem as maiores notas no indicador de desempenho.<\/p>\n<p>Os interessados em participar do processo de avalia\u00e7\u00e3o de desempenho para Professores da Bahia pelo Cespe\/UnB podem se inscrever, gratuitamente, entre os dias 31 de mar\u00e7o e 8 de abril, pelo site <a href=\"http:\/\/www.cespe.unb.br\/concursos\/secba2011\" target=\"_blank\">www.cespe.unb.br\/concursos\/secba2011<\/a>.<\/p>\n<p>A avalia\u00e7\u00e3o ser\u00e1 realizada em duas fases, sendo que a primeira consistir\u00e1 na aplica\u00e7\u00e3o de provas com quest\u00f5es objetivas e discursivas, previstas para 29 de maio, nos munic\u00edpios sede das Diretorias Regionais da Educa\u00e7\u00e3o do estado.<\/p>\n<p>J\u00e1 a segunda fase, ser\u00e1 a Avalia\u00e7\u00e3o Institucional feita pela Secretaria por meio do indicador de rendimento do Censo Escolar do ano refer\u00eancia 2009.<\/p>\n","protected":false},"excerpt":{"rendered":"<p>Processo de avalia\u00e7\u00e3o de desempenho para Professores na Bahia &#8211; a\u00a0Secretaria de Educa\u00e7\u00e3o da Bahia, atrav\u00e9s do Cespe\/UnB vai realizar o processo de avalia\u00e7\u00e3o de desempenho para Professores e Coordenadores Pedag\u00f3gicos dos ensinos fundamental e m\u00e9dio do estado. O objetivo \u00e9 conceder progress\u00e3o na carreira, dentro do limite de tr\u00eas mil vagas, para os candidatos [&hellip;]<\/p>\n","protected":false},"author":3,"featured_media":28954,"comment_status":"open","ping_status":"open","sticky":false,"template":"","format":"standard","meta":{"tdm_status":"","tdm_grid_status":"","footnotes":""},"categories":[22,352,370],"tags":[],"class_list":{"0":"post-34337","1":"post","2":"type-post","3":"status-publish","4":"format-standard","5":"has-post-thumbnail","7":"category-brasil","8":"category-concursos","9":"category-inscricao"},"_links":{"self":[{"href":"https:\/\/migracao.redenoticia.com.br\/noticia\/wp-json\/wp\/v2\/posts\/34337","targetHints":{"allow":["GET"]}}],"collection":[{"href":"https:\/\/migracao.redenoticia.com.br\/noticia\/wp-json\/wp\/v2\/posts"}],"about":[{"href":"https:\/\/migracao.redenoticia.com.br\/noticia\/wp-json\/wp\/v2\/types\/post"}],"author":[{"embeddable":true,"href":"https:\/\/migracao.redenoticia.com.br\/noticia\/wp-json\/wp\/v2\/users\/3"}],"replies":[{"embeddable":true,"href":"https:\/\/migracao.redenoticia.com.br\/noticia\/wp-json\/wp\/v2\/comments?post=34337"}],"version-history":[{"count":0,"href":"https:\/\/migracao.redenoticia.com.br\/noticia\/wp-json\/wp\/v2\/posts\/34337\/revisions"}],"wp:featuredmedia":[{"embeddable":true,"href":"https:\/\/migracao.redenoticia.com.br\/noticia\/wp-json\/wp\/v2\/media\/28954"}],"wp:attachment":[{"href":"https:\/\/migracao.redenoticia.com.br\/noticia\/wp-json\/wp\/v2\/media?parent=34337"}],"wp:term":[{"taxonomy":"category","embeddable":true,"href":"https:\/\/migracao.redenoticia.com.br\/noticia\/wp-json\/wp\/v2\/categories?post=34337"},{"taxonomy":"post_tag","embeddable":true,"href":"https:\/\/migracao.redenoticia.com.br\/noticia\/wp-json\/wp\/v2\/tags?post=34337"}],"curies":[{"name":"wp","href":"https:\/\/api.w.org\/{rel}","templated":true}]}}