{"id":34400,"date":"2011-04-06T00:01:21","date_gmt":"2011-04-06T04:01:21","guid":{"rendered":"http:\/\/www.redenoticia.com.br\/noticia\/?p=34400"},"modified":"2011-04-06T00:35:56","modified_gmt":"2011-04-06T04:35:56","slug":"idolos-2011-estreia-dia-05-de-abril-na-rede-record","status":"publish","type":"post","link":"https:\/\/migracao.redenoticia.com.br\/noticia\/2011\/idolos-2011-estreia-dia-05-de-abril-na-rede-record\/34400","title":{"rendered":"\u00cddolos 2011 estreia dia 05 de abril na Rede Record"},"content":{"rendered":"<p><img loading=\"lazy\" decoding=\"async\" class=\"alignleft size-full wp-image-34401\" title=\"idolos rede record\" src=\"https:\/\/migracao.redenoticia.com.br\/noticia\/imagens\/idolos-rede-record.jpg\" alt=\"\" width=\"300\" height=\"193\" srcset=\"https:\/\/migracao.redenoticia.com.br\/noticia\/imagens\/idolos-rede-record.jpg 300w, https:\/\/migracao.redenoticia.com.br\/noticia\/imagens\/idolos-rede-record-250x160.jpg 250w, https:\/\/migracao.redenoticia.com.br\/noticia\/imagens\/idolos-rede-record-150x96.jpg 150w\" sizes=\"auto, (max-width: 300px) 100vw, 300px\" \/>\u00cddolos 2011 &#8211; a partir do dia 05 de abril, <em><strong>\u00cddolos<\/strong><\/em> volta \u00e0 grade de programa\u00e7\u00e3o da <em><strong>Rede<\/strong> <strong>Record<\/strong><\/em> em sua quarta temporada. A novidade deste ano \u00e9 que a faixa de idade para participar do programa passa a ser entre 15 a 30 anos. Na edi\u00e7\u00e3o anterior, era de 16 a 28 anos. O objetivo \u00e9 contemplar ainda mais o p\u00fablico que gosta e quer participar do reality e, ao mesmo tempo, apostar nos jovens talentos do cen\u00e1rio musical brasileiro. &#8220;Tivemos uma grata surpresa com os adolescentes de 15 anos, eles s\u00e3o muito talentosos e enriquecem muito o programa&#8221;, afirmou o diretor geral do programa Wanderley Villa Nova.<\/p>\n<p>Uma das grandes surpresas s\u00e3o os jurados estreantes Rick Bonadio e Luiza Possi. Ao lado do j\u00e1 consagrado Marco Camargo, este trio ser\u00e1 implac\u00e1vel na hora de escolher os mais talentosos, dar conselhos e, claro, rir daqueles participantes divertidos, que s\u00f3 est\u00e3o a fim de alguns minutos de fama.<\/p>\n<p>A fase de audi\u00e7\u00f5es da nova temporada, j\u00e1 gravada, teve recorde de inscritos: 49 mil candidatos. No ano passado, foram cerca de 43 mil participantes. A caravana do reality show passou pelo Rio de Janeiro, onde teve 15 mil inscritos; Uberl\u00e2ndia (MG), com 7 mil candidatos, e Florian\u00f3polis (SC), com cerca de 5 mil.<\/p>\n<p>A maior audi\u00e7\u00e3o aconteceu em S\u00e3o Paulo e reuniu 22 mil talentos, um recorde em rela\u00e7\u00e3o \u00e0 edi\u00e7\u00e3o passada, que teve 20 mil. Os jurados Marco Camargo, Luiza Possi e Rick Bonadio viajaram com toda a equipe, avaliando os candidatos de cada regi\u00e3o.<\/p>\n<p>Pela primeira vez, al\u00e9m das audi\u00e7\u00f5es oficiais, a produ\u00e7\u00e3o do programa viajou para outras quatro capitais do Norte e Nordeste em busca de talentos: Bel\u00e9m (PA), Salvador (BA), Fortaleza (CE) e Recife (PE). Os candidatos selecionados tiveram ainda a oportunidade de serem ouvidos pelos jurados em S\u00e3o Paulo.<\/p>\n<p>Essa etapa do reality show funciona como uma grande peneira para selecionar um novo \u00eddolo da m\u00fasica. Depois, os selecionados encaram outras fases do programa, consideradas mais rigorosas, como o Teatro e os Concertos, momento em que o p\u00fablico come\u00e7a a votar para manter seu candidato preferido na atra\u00e7\u00e3o.<\/p>\n<p>Muita adrenalina e emo\u00e7\u00e3o na disputa a cada semana, com jurados convidados, atra\u00e7\u00f5es musicais, ass\u00e9dio do p\u00fablico e a torcida da plateia e do telespectador. Quem ser\u00e1 o novo \u00eddolo do Brasil?<\/p>\n<p>\u00cdDOLOS \u00e9 apresentado por Rodrigo Faro, sob dire\u00e7\u00e3o geral de Wanderley Villa Nova e dire\u00e7\u00e3o art\u00edstica de Fernanda Telles.<\/p>\n<p>PERFIS DOS JURADOS<\/p>\n<p>Luiza Possi<\/p>\n<p>A cantora Luiza Possi foi influenciada pela m\u00fasica desde cedo. Rec\u00e9m-nascida, a garota prod\u00edgio frequentava os est\u00fadios no colo de sua m\u00e3e Zizi. Em pouco tempo, a brincadeira se tornou s\u00e9ria. Em 2002, Zizi a chamou no palco para participar de um show e a partir da\u00ed a carreira de Luiza deslachou. Um m\u00eas depois ela lan\u00e7ou &#8220;Eu Sou Assim&#8221;, estreia de sucesso sob a chancela da Indie Records e a ben\u00e7\u00e3o do produtor Rick Bonadio. No mesmo ano, Luiza foi vencedora do Pr\u00eamio Multishow (categoria Revela\u00e7\u00e3o) e do Pr\u00eamio da Academia Brasileira de Letras (Revela\u00e7\u00e3o). Em 2004 ela trouxe ao p\u00fablico um novo disco, &#8220;Pro Mundo Levar&#8221;. Nele, v\u00e1rios artistas assinam as composi\u00e7\u00f5es, com destaque para &#8220;Bali Hi&#8221;, de Luiza em parceria com Nelson J\u00fanior.<\/p>\n<p>Antes de seu terceiro trabalho, &#8220;Escuta&#8221; (2006), Luiza mergulhou fundo em estudos e leituras sobre a m\u00fasica brasileira. Retomou as aulas de canto l\u00edrico, dedicou-se ao piano e  pesquisou as ra\u00edzes da m\u00fasica do Brasil. Luiza explora sua veia de compositora em  &#8220;Beijos e Velas&#8221; e &#8220;Desenganos&#8221;, em parceria com Nelson Jr.Com apenas 23 anos, Luiza gravou o CD\/DVD &#8220;A Vida \u00e9 Mesmo Agora&#8221; no Teatro Municipal de Niter\u00f3i. O projeto contou com a participa\u00e7\u00e3o especial de Hebert Vianna e re\u00fane can\u00e7\u00f5es dos tr\u00eas trabalhos anteriores. H\u00e1 tamb\u00e9m vers\u00f5es de hits &#8220;No Voy a Ser Yo&#8221;, de Jorge Drexler e Kevin Johansen, feita especialmente por Paulinho Moska.<\/p>\n<p>Em 2009, os f\u00e3s s\u00e3o brindados com &#8220;Bons Ventos Sempre Chegam&#8221;, \u00e1lbum produzido por Max Viana, que traz seis m\u00fasicas de autoria da pr\u00f3pria artista, cinco em parceria de Dudu Falc\u00e3o, e uma in\u00e9dita s\u00f3 dela. Al\u00e9m de uma m\u00fasica especial feita por Paulinho Moska, h\u00e1 tamb\u00e9m &#8220;Ao Meu Redor&#8221;, composi\u00e7\u00e3o de Samuel Rosa (Skank) com Chico Amaral, regrava\u00e7\u00f5es de Lula Queiroga e Godofredo Guedes.<\/p>\n<p>Marco Camargo<\/p>\n<p>Marco Camargo n\u00e3o tem papas na l\u00edngua, doa a quem doer. Na bancada de \u00cddolos, ficou conhecido como o jurado incisivo e direto nos coment\u00e1rios sobre o repert\u00f3rio, timbre, voz, apresenta\u00e7\u00e3o e presen\u00e7a de palco dos participantes.  Ele participou como jurado em todas as edi\u00e7\u00f5es de \u00cddolos na Record.<\/p>\n<p>Atualmente, Marco est\u00e1 \u00e0 frente da dire\u00e7\u00e3o musical da emissora e da gravadora e produtora Captain Music.  Desde maio deste ano, apresenta o programa Entrevista Record M\u00fasica, em que bate papo com diversas personalidades do cen\u00e1rio musical. J\u00e1 passaram pelo est\u00fadio nomes como Alejandro Sanz, Jair Rodrigues, Daniel e o tenor Jose Carreras. Ainda em 2010, lan\u00e7ou o livro &#8220;Descubra o \u00eddolo que existe em voc\u00ea&#8221;. Marco tamb\u00e9m realiza palestras motivacionais direcionadas ao ambiente corporativo.<\/p>\n<p>Atua na ind\u00fastria fonogr\u00e1fica desde a adolesc\u00eancia como compositor e produtor musical. J\u00e1 trabalhou ao lado de grandes nomes da m\u00fasica brasileira e internacional &#8211; e uma das grandes parcerias foi com o rei Roberto Carlos &#8211; assinando a produ\u00e7\u00e3o do CD que vendeu mais de 1 milh\u00e3o de c\u00f3pias, ganhando o t\u00e3o almejado disco de Diamante.  O jurado ainda recebeu dois pr\u00eamios Grammy, na categoria de &#8216;Melhor Produtor&#8217;, e \u00e9 membro votante da Academia Grammy e do &#8220;The Latin Recording Academy&#8221;, o Grammy Latino. Marco ainda det\u00e9m recorde sul-americano de vendagens de discos &#8211; com a marca de 3,5 milh\u00f5es de CDs &#8211; de um \u00fanico \u00e1lbum.<\/p>\n<p>Rick Bonadio<\/p>\n<p>O jurado Rick Bonadio \u00e9 produtor, compositor, m\u00fasico e empres\u00e1rio musical. Entre os trabalhos de maior relev\u00e2ncia est\u00e1 a descoberta de grandes nomes da m\u00fasica e a produ\u00e7\u00e3o de artistas como: Mamonas Assassinas, Charlie Brown Jr., Tihuana, CPM22, Ultraje a Rigor, Planta &amp; Raiz, Luiza Possi, Rouge, Broz, IRA, NX Zero, Fresno, Tit\u00e3s, e outros. Se somarmos todos os CDs e DVDs vendidos por estas bandas, ultrapassa-se a marca de 11 milh\u00f5es de c\u00f3pias.<\/p>\n<p>Al\u00e9m disso, Rick foi diretor geral da Virgin Records Brasil no per\u00edodo de janeiro de 1997 at\u00e9 abril de 2001, sendo respons\u00e1vel pelas \u00e1reas: Art\u00edstica, Marketing Nacional e Internacional, em que dirigiu o desenvolvimento, no Brasil, de artistas como: Backstreet Boys, Spice Girls, Britney Spears, Manu Chao, Lenny Kravitz, The Rolling Stones. Ao sair da Virgin, criou o selo Arsenal Music e a empresa Arsenal Eventos, vendeu o selo para a Universal Music e hoje dirige seu novo selo o Midas Music (distribu\u00eddo pela Universal Music) e a empresa de Shows Arsenal Eventos.<\/p>\n<p>Entre os trabalhos dos \u00faltimos anos est\u00e3o a produ\u00e7\u00e3o do IRA &#8220;Ac\u00fastico MTV&#8221;, Charlie Brown Jr (&#8220;Tamo a\u00ed na atividade&#8221; &#8211; que lhe rendeu o Grammy Latino, &#8220;Imunidade Musical&#8221; e &#8220;Pontes indestrut\u00edveis, hit da banda), &#8220;Cidade Cinza&#8221; do CPM22, e o projeto &#8220;AO VIVO MTV CPM22&#8221; (premiado como melhor DVD do ano de 2006 pelo Multishow). Suas mais recentes produ\u00e7\u00f5es s\u00e3o os CDs e DVD da banda revela\u00e7\u00e3o de 2007 e uma das maiores bandas de rock de hoje, o NX Zero, o CD da banda &#8220;Fresno&#8221; artistas que s\u00e3o empresariados tamb\u00e9m pela Arsenal eventos. Os novos CD de m\u00fasicas in\u00e9ditas dos Tit\u00e3s &#8220;Sacos Pl\u00e1sticos&#8221; e o novo CD do Charlie Brown JR &#8220;Camisa 10 joga bola at\u00e9 na chuva&#8221; alb\u00fam premiado com o Grammy Latino de melhor Rock Brasileiro de 2010 e o Projeto Paralelo do NX Zero s\u00e3o as produ\u00e7\u00f5es recentes.<\/p>\n<p>\u00cdDOLOS NA WEB<\/p>\n<p>Al\u00e9m do programa na tela da Record, o telespectador poder\u00e1 acompanhar 24h por dia, atrav\u00e9s do site do \u00cdDOLOS no Portal R7, o que acontece nos bastidores do reality show, as curiosidades das grava\u00e7\u00f5es, v\u00eddeos exclusivos, relacionamento com m\u00eddias sociais e comunidades de f\u00e3s, al\u00e9m de atra\u00e7\u00f5es produzidas especialmente para o internauta que acompanha o programa pela web.<\/p>\n<p>O programa \u00cddolos na Web ser\u00e1 apresentado por Maria Alice e Felipe Vita. Confira abaixo os perfis de cada um.<\/p>\n<p>Maria Alice<br \/>\nMaria Alice da Silva, 24 anos, nasceu em Bauru, S\u00e3o Paulo. Hoje, mora na cidade de Ibipor\u00e3, Paran\u00e1. Sua carreira \u00e0 frente das c\u00e2meras come\u00e7ou cedo. Aos 15 anos, apresentou-se  no Programa Raul Gil, na TV Record. Maria Alice \u00e9 graduada em design industrial al\u00e9m de t\u00e9cnica em estilismo e moda. Em 2010, tornou-se conhecida no Brasil inteiro ap\u00f3s ficar entre os &#8220;top 10&#8221; do programa \u00cddolos 2010, exibido pela TV Record. Depois de disputar com 63 candidatos, Maria Alice foi escolhida a apresentadora do Programa \u00cddolos na Web.<\/p>\n<p>Felipe Milani Vita<br \/>\nFelipe Vita, 23 anos, nasceu em S\u00e3o Paulo e se formou em R\u00e1dio e TV pela Universidade Metodista de S\u00e3o Bernardo do Campo. Praticamente um nativo de internet, iniciou a carreira profissional trabalhando em portal de conte\u00fado online. Em 2009, foi para a TV Record como estagi\u00e1rio do programa &#8220;Aprendiz Universit\u00e1rio 6&#8221;, onde tamb\u00e9m participou da produ\u00e7\u00e3o do \u00cddolos 2009 e conheceu toda a estrutura por tr\u00e1s das c\u00e2meras. Em 2010, ap\u00f3s nova passagem pelo mercado de internet, voltou \u00e0 TV Record, agora como produtor do Portal R7, na editoria de V\u00eddeos. Depois de passar por uma sele\u00e7\u00e3o e disputar com 63 candidatos, Felipe foi escolhido o apresentador do Programa \u00cddolos na Web.<\/p>\n","protected":false},"excerpt":{"rendered":"<p>\u00cddolos 2011 &#8211; a partir do dia 05 de abril, \u00cddolos volta \u00e0 grade de programa\u00e7\u00e3o da Rede Record em sua quarta temporada. A novidade deste ano \u00e9 que a faixa de idade para participar do programa passa a ser entre 15 a 30 anos. Na edi\u00e7\u00e3o anterior, era de 16 a 28 anos. O [&hellip;]<\/p>\n","protected":false},"author":3,"featured_media":34401,"comment_status":"open","ping_status":"open","sticky":false,"template":"","format":"standard","meta":{"tdm_status":"","tdm_grid_status":"","footnotes":""},"categories":[22,371,343],"tags":[],"class_list":{"0":"post-34400","1":"post","2":"type-post","3":"status-publish","4":"format-standard","5":"has-post-thumbnail","7":"category-brasil","8":"category-rede-record","9":"category-televisao"},"_links":{"self":[{"href":"https:\/\/migracao.redenoticia.com.br\/noticia\/wp-json\/wp\/v2\/posts\/34400","targetHints":{"allow":["GET"]}}],"collection":[{"href":"https:\/\/migracao.redenoticia.com.br\/noticia\/wp-json\/wp\/v2\/posts"}],"about":[{"href":"https:\/\/migracao.redenoticia.com.br\/noticia\/wp-json\/wp\/v2\/types\/post"}],"author":[{"embeddable":true,"href":"https:\/\/migracao.redenoticia.com.br\/noticia\/wp-json\/wp\/v2\/users\/3"}],"replies":[{"embeddable":true,"href":"https:\/\/migracao.redenoticia.com.br\/noticia\/wp-json\/wp\/v2\/comments?post=34400"}],"version-history":[{"count":0,"href":"https:\/\/migracao.redenoticia.com.br\/noticia\/wp-json\/wp\/v2\/posts\/34400\/revisions"}],"wp:featuredmedia":[{"embeddable":true,"href":"https:\/\/migracao.redenoticia.com.br\/noticia\/wp-json\/wp\/v2\/media\/34401"}],"wp:attachment":[{"href":"https:\/\/migracao.redenoticia.com.br\/noticia\/wp-json\/wp\/v2\/media?parent=34400"}],"wp:term":[{"taxonomy":"category","embeddable":true,"href":"https:\/\/migracao.redenoticia.com.br\/noticia\/wp-json\/wp\/v2\/categories?post=34400"},{"taxonomy":"post_tag","embeddable":true,"href":"https:\/\/migracao.redenoticia.com.br\/noticia\/wp-json\/wp\/v2\/tags?post=34400"}],"curies":[{"name":"wp","href":"https:\/\/api.w.org\/{rel}","templated":true}]}}