{"id":34428,"date":"2011-04-06T08:41:39","date_gmt":"2011-04-06T12:41:39","guid":{"rendered":"http:\/\/www.redenoticia.com.br\/noticia\/?p=34428"},"modified":"2011-04-06T22:59:55","modified_gmt":"2011-04-07T02:59:55","slug":"inscricao-no-concurso-de-soldado-em-sp-vai-ate-dia-20","status":"publish","type":"post","link":"https:\/\/migracao.redenoticia.com.br\/noticia\/2011\/inscricao-no-concurso-de-soldado-em-sp-vai-ate-dia-20\/34428","title":{"rendered":"Inscri\u00e7\u00e3o no concurso de Soldado em SP vai at\u00e9 dia 20"},"content":{"rendered":"<h2><span style=\"font-size: 13px; font-weight: normal;\"><em><strong><img loading=\"lazy\" decoding=\"async\" class=\"alignleft size-full wp-image-28960\" title=\"concurso inscricao vagas\" src=\"https:\/\/migracao.redenoticia.com.br\/noticia\/imagens\/concurso-inscricao-vagas.jpg\" alt=\"\" width=\"300\" height=\"193\" srcset=\"https:\/\/migracao.redenoticia.com.br\/noticia\/imagens\/concurso-inscricao-vagas.jpg 300w, https:\/\/migracao.redenoticia.com.br\/noticia\/imagens\/concurso-inscricao-vagas-250x160.jpg 250w, https:\/\/migracao.redenoticia.com.br\/noticia\/imagens\/concurso-inscricao-vagas-150x96.jpg 150w\" sizes=\"auto, (max-width: 300px) 100vw, 300px\" \/>Concurso de Soldado em SP<\/strong><\/em>&#8211; as inscri\u00e7\u00f5es para os candidatos homens, com idades entre 18 e 30 anos, que disputar\u00e3o um dos 500 postos de Soldado PM de 2\u00aa Classe para o Quadro de Pra\u00e7as de Pol\u00edcia Militar (QPPM) terminam no dia 20 de abril. A inscri\u00e7\u00e3o deve ser feita pela internet, no site da <em><strong><a href=\"http:\/\/www.vunesp.com.br\/index.php?p=Y29uY3Vyc29zL2NvbmN1cnNvLnBocD9pZF9jb25jdXJzbz04ODAmY29kaWdvPXBtZXMxMDA2JmFubz0mY29uY3Vyc289UG9sJUVEY2lhJTIwTWlsaXRhci1TUCUyMC0lMjBTb2xkYWRvJTIwUE0lMjBkZSUyMDIlQUElMjBDbGFzc2UlMjAlMjhNYXNjdWxpbm8lMjklMjAtJTIwSW5zY3JpJUU3JUY1ZXMlMjBhdCVFOSUyMDIwJTJGNA==&amp;pagina=Pol%C3%ADcia+Militar-SP+-+Soldado+PM+de+2%C2%AA+Classe+%28Masculino%29+-+Inscri%C3%A7%C3%B5es+at%C3%A9+20\/4&amp;level=3&amp;linkcrumb=index.php?p=Y29uY3Vyc29zL2NvbmN1cnNvLnBocD9pZF9jb25jdXJzbz04ODAmY29kaWdvPXBtZXMxMDA2JmFubz0mY29uY3Vyc289UG9sJUVEY2lhJTIwTWlsaXRhci1TUCUyMC0lMjBTb2xkYWRvJTIwUE0lMjBkZSUyMDIlQUElMjBDbGFzc2UlMjAlMjhNYXNjdWxpbm8lMjklMjAtJTIwSW5zY3JpJUU3JUY1ZXMlMjBhdCVFOSUyMDIwJTJGNA==\" target=\"_blank\">Funda\u00e7\u00e3o Vunesp<\/a><\/strong><\/em>. A taxa de inscri\u00e7\u00e3o \u00e9 R$ 50 e o boleto dever\u00e1 ser pago em qualquer ag\u00eancia banc\u00e1ria. Al\u00e9m da idade, est\u00e3o entre os requisitos para disputar a vaga: ter ensino m\u00e9dio completo e altura m\u00ednima de 1,65m. A primeira fase das provas est\u00e1 prevista para o dia 05 de junho.<\/span><\/h2>\n<p>O processo  seletivo \u00e9 composto de v\u00e1rias etapas: prova de escolaridade (car\u00e1ter eliminat\u00f3rio e classificat\u00f3rio), prova de condicionamento f\u00edsico (car\u00e1ter classificat\u00f3rio), exames de sa\u00fade  e psicol\u00f3gico (car\u00e1ter eliminat\u00f3rio), investiga\u00e7\u00e3o social (car\u00e1ter eliminat\u00f3rio), e an\u00e1lise de documentos (car\u00e1ter eliminat\u00f3rio). A remunera\u00e7\u00e3o \u00e9 de dois sal\u00e1rios m\u00ednimos.<\/p>\n<p>Ao preencher a ficha de inscri\u00e7\u00e3o, o candidato deve optar por um dos 11 munic\u00edpios onde poder\u00e1 realizar a prova de escolaridade (partes I e II): Ara\u00e7atuba, Bauru, Campinas, Piracicaba, Presidente Prudente, Ribeir\u00e3o Preto, Santos, S\u00e3o Jos\u00e9 do Rio Preto, S\u00e3o Jos\u00e9 dos Campos, S\u00e3o Paulo ou Sorocaba.<\/p>\n<p>A \u00edntegra do edital, contendo todas as informa\u00e7\u00f5es sobre o concurso pode ser consultada no site da <a href=\"http:\/\/www.vunesp.com.br\/concursos\/pmes1006\/edital_pmes1006.pdf\" target=\"_blank\">Funda\u00e7\u00e3o Vunesp.<\/a> Mais informa\u00e7\u00f5es tamb\u00e9m podem ser obtidas por meio dos servi\u00e7os Disque PM (0800.555.190) ou Disque Vunesp (3874-6300).<\/p>\n<p>Da Secretaria da Seguran\u00e7a P\u00fablica<\/p>\n","protected":false},"excerpt":{"rendered":"<p>Concurso de Soldado em SP&#8211; as inscri\u00e7\u00f5es para os candidatos homens, com idades entre 18 e 30 anos, que disputar\u00e3o um dos 500 postos de Soldado PM de 2\u00aa Classe para o Quadro de Pra\u00e7as de Pol\u00edcia Militar (QPPM) terminam no dia 20 de abril. A inscri\u00e7\u00e3o deve ser feita pela internet, no site da [&hellip;]<\/p>\n","protected":false},"author":3,"featured_media":28960,"comment_status":"open","ping_status":"open","sticky":false,"template":"","format":"standard","meta":{"tdm_status":"","tdm_grid_status":"","footnotes":""},"categories":[22,352,370],"tags":[],"class_list":{"0":"post-34428","1":"post","2":"type-post","3":"status-publish","4":"format-standard","5":"has-post-thumbnail","7":"category-brasil","8":"category-concursos","9":"category-inscricao"},"_links":{"self":[{"href":"https:\/\/migracao.redenoticia.com.br\/noticia\/wp-json\/wp\/v2\/posts\/34428","targetHints":{"allow":["GET"]}}],"collection":[{"href":"https:\/\/migracao.redenoticia.com.br\/noticia\/wp-json\/wp\/v2\/posts"}],"about":[{"href":"https:\/\/migracao.redenoticia.com.br\/noticia\/wp-json\/wp\/v2\/types\/post"}],"author":[{"embeddable":true,"href":"https:\/\/migracao.redenoticia.com.br\/noticia\/wp-json\/wp\/v2\/users\/3"}],"replies":[{"embeddable":true,"href":"https:\/\/migracao.redenoticia.com.br\/noticia\/wp-json\/wp\/v2\/comments?post=34428"}],"version-history":[{"count":0,"href":"https:\/\/migracao.redenoticia.com.br\/noticia\/wp-json\/wp\/v2\/posts\/34428\/revisions"}],"wp:featuredmedia":[{"embeddable":true,"href":"https:\/\/migracao.redenoticia.com.br\/noticia\/wp-json\/wp\/v2\/media\/28960"}],"wp:attachment":[{"href":"https:\/\/migracao.redenoticia.com.br\/noticia\/wp-json\/wp\/v2\/media?parent=34428"}],"wp:term":[{"taxonomy":"category","embeddable":true,"href":"https:\/\/migracao.redenoticia.com.br\/noticia\/wp-json\/wp\/v2\/categories?post=34428"},{"taxonomy":"post_tag","embeddable":true,"href":"https:\/\/migracao.redenoticia.com.br\/noticia\/wp-json\/wp\/v2\/tags?post=34428"}],"curies":[{"name":"wp","href":"https:\/\/api.w.org\/{rel}","templated":true}]}}