{"id":34446,"date":"2011-04-07T00:40:18","date_gmt":"2011-04-07T04:40:18","guid":{"rendered":"http:\/\/www.redenoticia.com.br\/noticia\/?p=34446"},"modified":"2011-04-07T00:46:00","modified_gmt":"2011-04-07T04:46:00","slug":"idolos-estreia-em-primeiro-lugar-de-audiencia-no-rj","status":"publish","type":"post","link":"https:\/\/migracao.redenoticia.com.br\/noticia\/2011\/idolos-estreia-em-primeiro-lugar-de-audiencia-no-rj\/34446","title":{"rendered":"\u00cddolos estreia em primeiro lugar de audi\u00eancia no RJ"},"content":{"rendered":"<p><em><strong><img loading=\"lazy\" decoding=\"async\" class=\"alignleft size-full wp-image-34401\" title=\"idolos rede record\" src=\"https:\/\/migracao.redenoticia.com.br\/noticia\/imagens\/idolos-rede-record.jpg\" alt=\"\" width=\"300\" height=\"193\" srcset=\"https:\/\/migracao.redenoticia.com.br\/noticia\/imagens\/idolos-rede-record.jpg 300w, https:\/\/migracao.redenoticia.com.br\/noticia\/imagens\/idolos-rede-record-250x160.jpg 250w, https:\/\/migracao.redenoticia.com.br\/noticia\/imagens\/idolos-rede-record-150x96.jpg 150w\" sizes=\"auto, (max-width: 300px) 100vw, 300px\" \/>\u00cddolos<\/strong><\/em> na <em><strong>Rede Record<\/strong><\/em> &#8211; a estreia da quarta temporada de \u00cddolos na noite desta ter\u00e7a-feira, 05\/04, garantiu \u00e0 Rede Record o primeiro lugar de <em><strong>audi\u00eancia<\/strong><\/em> no Rio de Janeiro. A atra\u00e7\u00e3o consolidou 14 pontos de m\u00e9dia e share de 30% em sua faixa de exibi\u00e7\u00e3o, das 23h15 \u00e0 00h30.<\/p>\n<p>Em S\u00e3o Paulo, o reality show \u00cddolos tamb\u00e9m garantiu boa audi\u00eancia, ficando por 10 minutos em primeiro lugar. Na m\u00e9dia, ficou com 10 pontos, pico de 13 e share de 23%, consolidando o segundo lugar isolado.<\/p>\n<p>O primeiro epis\u00f3dio \u00cddolos mostrou o in\u00edcio da fase divertida das audi\u00e7\u00f5es em v\u00e1rias cidades e o voto dos jurados Marco Camargo, Luiza Possi e Rick Bonadio para os candidatos.<\/p>\n<p>\u00cddolos \u00e9 apresentado por Rodrigo Faro, sob dire\u00e7\u00e3o geral de Wanderley Villa Nova e dire\u00e7\u00e3o art\u00edstica de Fernanda Telles, e vai ao ar \u00e0s ter\u00e7as e quintas, logo ap\u00f3s Ribeir\u00e3o do Tempo.<\/p>\n<p>Os dados de audi\u00eancia (\u00cddolos na Rede Record) mencionados na Sala de Imprensa da Record referem-se ao Ibope MW GSP dados domiciliares (Os \u00edndices apresentados s\u00e3o n\u00fameros consolidados, destacando o patamar de audi\u00eancia sem casa decimal).<\/p>\n","protected":false},"excerpt":{"rendered":"<p>\u00cddolos na Rede Record &#8211; a estreia da quarta temporada de \u00cddolos na noite desta ter\u00e7a-feira, 05\/04, garantiu \u00e0 Rede Record o primeiro lugar de audi\u00eancia no Rio de Janeiro. A atra\u00e7\u00e3o consolidou 14 pontos de m\u00e9dia e share de 30% em sua faixa de exibi\u00e7\u00e3o, das 23h15 \u00e0 00h30. Em S\u00e3o Paulo, o reality [&hellip;]<\/p>\n","protected":false},"author":3,"featured_media":34401,"comment_status":"open","ping_status":"open","sticky":false,"template":"","format":"standard","meta":{"tdm_status":"","tdm_grid_status":"","footnotes":""},"categories":[22,371,343],"tags":[],"class_list":{"0":"post-34446","1":"post","2":"type-post","3":"status-publish","4":"format-standard","5":"has-post-thumbnail","7":"category-brasil","8":"category-rede-record","9":"category-televisao"},"_links":{"self":[{"href":"https:\/\/migracao.redenoticia.com.br\/noticia\/wp-json\/wp\/v2\/posts\/34446","targetHints":{"allow":["GET"]}}],"collection":[{"href":"https:\/\/migracao.redenoticia.com.br\/noticia\/wp-json\/wp\/v2\/posts"}],"about":[{"href":"https:\/\/migracao.redenoticia.com.br\/noticia\/wp-json\/wp\/v2\/types\/post"}],"author":[{"embeddable":true,"href":"https:\/\/migracao.redenoticia.com.br\/noticia\/wp-json\/wp\/v2\/users\/3"}],"replies":[{"embeddable":true,"href":"https:\/\/migracao.redenoticia.com.br\/noticia\/wp-json\/wp\/v2\/comments?post=34446"}],"version-history":[{"count":0,"href":"https:\/\/migracao.redenoticia.com.br\/noticia\/wp-json\/wp\/v2\/posts\/34446\/revisions"}],"wp:featuredmedia":[{"embeddable":true,"href":"https:\/\/migracao.redenoticia.com.br\/noticia\/wp-json\/wp\/v2\/media\/34401"}],"wp:attachment":[{"href":"https:\/\/migracao.redenoticia.com.br\/noticia\/wp-json\/wp\/v2\/media?parent=34446"}],"wp:term":[{"taxonomy":"category","embeddable":true,"href":"https:\/\/migracao.redenoticia.com.br\/noticia\/wp-json\/wp\/v2\/categories?post=34446"},{"taxonomy":"post_tag","embeddable":true,"href":"https:\/\/migracao.redenoticia.com.br\/noticia\/wp-json\/wp\/v2\/tags?post=34446"}],"curies":[{"name":"wp","href":"https:\/\/api.w.org\/{rel}","templated":true}]}}