{"id":34469,"date":"2011-04-07T22:39:57","date_gmt":"2011-04-08T02:39:57","guid":{"rendered":"http:\/\/www.redenoticia.com.br\/noticia\/?p=34469"},"modified":"2011-04-07T22:39:57","modified_gmt":"2011-04-08T02:39:57","slug":"facebook-lanca-o-open-compute-project","status":"publish","type":"post","link":"https:\/\/migracao.redenoticia.com.br\/noticia\/2011\/facebook-lanca-o-open-compute-project\/34469","title":{"rendered":"Facebook lan\u00e7a o &#8216;Open Compute Project&#8217;"},"content":{"rendered":"<p>O <em><strong>Facebook<\/strong><\/em> tornou p\u00fablica a cria\u00e7\u00e3o um centro de dados  pr\u00f3prio, em Prineville (Oregon, EUA), que utiliza 38% menos energia para  executar as mesmas tarefas que suas atuais instala\u00e7\u00f5es, com custo 24% inferior.  O projeto deu in\u00edcio ao \u2018<em><strong>Open Compute Project<\/strong><\/em>\u2019 uma iniciativa para todo o setor  por meio da qual o Facebook ir\u00e1 compartilhar as especifica\u00e7\u00f5es e as melhores  pr\u00e1ticas para a cria\u00e7\u00e3o de centros de dados mais eficientes e econ\u00f4micos do  ponto de vista energ\u00e9tico.<\/p>\n<p>Dividimos com voc\u00ea um texto de autoria de Jonathan Heiliger, vice-presidente  da \u00e1rea de Opera\u00e7\u00f5es T\u00e9cnicas do Facebook. Al\u00e9m disso, segue o link para o v\u00eddeo  explicativo sobre o centro de dados e projeto \u2018Open Compute Project\u2019.<\/p>\n<p><a href=\"http:\/\/www.youtube.com\/watch?v=p4D9UNXKGV4\">http:\/\/www.youtube.com\/watch?v=p4D9UNXKGV4<\/a><\/p>\n<p>Construindo Centros de Dados Eficientes com o Open Compute Project<br \/>\npor  Jonathan Heiliger<br \/>\nUma pequena equipe de engenheiros do Facebook passou os  \u00faltimos dois anos abordando um grande desafio: como ampliar nossa infraestrutura  computacional da forma mais eficiente e econ\u00f4mica poss\u00edvel.<\/p>\n<p>Trabalhando em um laborat\u00f3rio eletr\u00f4nico no subsolo de nossa sede em Palo  Alto, na Calif\u00f3rnia, a equipe projetou nosso primeiro centro de dados a partir  do zero; alguns meses depois demos in\u00edcio \u00e0 sua constru\u00e7\u00e3o em Prineville,  Oregon. O projeto, que no come\u00e7o contava com apenas tr\u00eas pessoas, levou \u00e0  constru\u00e7\u00e3o de nossos pr\u00f3prios servidores personalizados, terminais de  alimenta\u00e7\u00e3o, filas de servidores e sistemas de backup de baterias.<br \/>\nDado que o projeto come\u00e7ou da estaca zero, tivemos controle total de cada  uma das partes do sistema, desde o software e servidores at\u00e9 o centro de dados.  Com isso, pudemos:<\/p>\n<p>? Utilizar um sistema de distribui\u00e7\u00e3o el\u00e9trica de 480 volts para reduzir a  perda de energia.<br \/>\n? Remover de nossos servidores tudo o que n\u00e3o fosse  eficiente.<br \/>\n? Reutilizar o ar quente dos corredores no inverno para aquecer  tanto os escrit\u00f3rios quanto o ar que vinha de fora e adentrava o centro de  dados.<br \/>\n? Eliminar a necessidade de um fornecimento de energia central e  ininterrupto.<br \/>\nO resultado \u00e9 que o centro de dados de Prineville utiliza 38%  menos energia para executar as mesmas tarefas que as atuais instala\u00e7\u00f5es do  Facebook, com custo 24% inferior.<br \/>\nLan\u00e7ando o Hardware Aberto<br \/>\nInspirados  no modelo do software aberto, queremos compartilhar as inova\u00e7\u00f5es de nosso centro  de dados com todo o setor para que outras empresas possam utiliz\u00e1-las ou  aprimor\u00e1-las. Hoje, estamos tamb\u00e9m divulgando o Open Compute Project, uma  iniciativa para todo o setor por meio da qual compartilharemos as especifica\u00e7\u00f5es  e as melhores pr\u00e1ticas para a cria\u00e7\u00e3o de centros de dados mais eficientes e  econ\u00f4micos do ponto de vista energ\u00e9tico.<br \/>\nComo um primeiro passo, estamos publicando as especifica\u00e7\u00f5es e o projeto  mec\u00e2nico para o hardware utilizado em nosso centro de dados, incluindo  placas-m\u00e3e, terminais de alimenta\u00e7\u00e3o, chassis de servidores, fila de servidores  e gabinetes de baterias. Estamos tamb\u00e9m compartilhando as especifica\u00e7\u00f5es do  projeto de constru\u00e7\u00e3o da parte el\u00e9trica e mec\u00e2nica do centro de dados.<br \/>\nToda  e qualquer pessoa t\u00eam acesso completo a essas especifica\u00e7\u00f5es, que se encontram  dispon\u00edveis em http:\/\/opencompute.org\/. Gostar\u00edamos tamb\u00e9m de compartilhar os  pontos nos quais n\u00e3o fomos bem-sucedidos e receber sugest\u00f5es sobre como podemos  melhor\u00e1-los. Com a disponibiliza\u00e7\u00e3o da tecnologia, a comunidade poder\u00e1 fazer  aprimoramentos aos quais n\u00e3o ter\u00edamos acesso se tiv\u00e9ssemos optado por manter o  projeto em segredo.<\/p>\n<p>Ao contarmos com softwares e servidores mais eficientes, poderemos dar  suporte a um n\u00famero maior de pessoas no Facebook e oferecer experi\u00eancias sociais  novas e em tempo real \u2013 como, por exemplo, a possibilidade de ver os coment\u00e1rios  no mesmo momento em que s\u00e3o escritos ou ver amigos dos amigos de forma din\u00e2mica  durante as buscas.<br \/>\nDurante o desenvolvimento do Open Compute Project,  repensamos antigas pressuposi\u00e7\u00f5es sobre infraestrutura e efici\u00eancia para, com  isso, chegarmos a uma melhor solu\u00e7\u00e3o. O resultado: a tecnologia eficiente do  ponto de vista energ\u00e9tico economiza dinheiro tanto em termos operacionais quanto  de capital.<\/p>\n<p>Iniciando o Di\u00e1logo<\/p>\n<p>O objetivo maior do Open Compute Project, por\u00e9m, \u00e9 desencadear um di\u00e1logo  colaborativo. J\u00e1 estamos conversando com nossos pares sobre como podemos  trabalhar em conjunto na tecnologia do projeto. Queremos recrutar mais pessoas  para participarem desta colabora\u00e7\u00e3o \u2013 e convidamos voc\u00ea a nos acompanhar nessa  miss\u00e3o de desenvolvermos, em conjunto, a infraestrutura computacional mais  eficiente poss\u00edvel.<\/p>\n<p>Jonathan \u00e9 vice-presidente da \u00e1rea de Opera\u00e7\u00f5es T\u00e9cnicas do Facebook.<\/p>\n<p>&nbsp;<\/p>\n","protected":false},"excerpt":{"rendered":"<p>O Facebook tornou p\u00fablica a cria\u00e7\u00e3o um centro de dados pr\u00f3prio, em Prineville (Oregon, EUA), que utiliza 38% menos energia para executar as mesmas tarefas que suas atuais instala\u00e7\u00f5es, com custo 24% inferior. O projeto deu in\u00edcio ao \u2018Open Compute Project\u2019 uma iniciativa para todo o setor por meio da qual o Facebook ir\u00e1 compartilhar [&hellip;]<\/p>\n","protected":false},"author":3,"featured_media":0,"comment_status":"open","ping_status":"open","sticky":false,"template":"","format":"standard","meta":{"tdm_status":"","tdm_grid_status":"","footnotes":""},"categories":[22],"tags":[],"class_list":{"0":"post-34469","1":"post","2":"type-post","3":"status-publish","4":"format-standard","6":"category-brasil"},"_links":{"self":[{"href":"https:\/\/migracao.redenoticia.com.br\/noticia\/wp-json\/wp\/v2\/posts\/34469","targetHints":{"allow":["GET"]}}],"collection":[{"href":"https:\/\/migracao.redenoticia.com.br\/noticia\/wp-json\/wp\/v2\/posts"}],"about":[{"href":"https:\/\/migracao.redenoticia.com.br\/noticia\/wp-json\/wp\/v2\/types\/post"}],"author":[{"embeddable":true,"href":"https:\/\/migracao.redenoticia.com.br\/noticia\/wp-json\/wp\/v2\/users\/3"}],"replies":[{"embeddable":true,"href":"https:\/\/migracao.redenoticia.com.br\/noticia\/wp-json\/wp\/v2\/comments?post=34469"}],"version-history":[{"count":0,"href":"https:\/\/migracao.redenoticia.com.br\/noticia\/wp-json\/wp\/v2\/posts\/34469\/revisions"}],"wp:attachment":[{"href":"https:\/\/migracao.redenoticia.com.br\/noticia\/wp-json\/wp\/v2\/media?parent=34469"}],"wp:term":[{"taxonomy":"category","embeddable":true,"href":"https:\/\/migracao.redenoticia.com.br\/noticia\/wp-json\/wp\/v2\/categories?post=34469"},{"taxonomy":"post_tag","embeddable":true,"href":"https:\/\/migracao.redenoticia.com.br\/noticia\/wp-json\/wp\/v2\/tags?post=34469"}],"curies":[{"name":"wp","href":"https:\/\/api.w.org\/{rel}","templated":true}]}}