{"id":3472,"date":"2009-06-22T16:47:18","date_gmt":"2009-06-22T20:47:18","guid":{"rendered":"http:\/\/www.redenoticia.com.br\/noticia\/?p=3472"},"modified":"2009-06-22T16:47:18","modified_gmt":"2009-06-22T20:47:18","slug":"fator-previdenciario-pode-ser-apreciado-em-plenario","status":"publish","type":"post","link":"https:\/\/migracao.redenoticia.com.br\/noticia\/2009\/fator-previdenciario-pode-ser-apreciado-em-plenario\/3472","title":{"rendered":"Fator previdenci\u00e1rio pode ser apreciado em plen\u00e1rio"},"content":{"rendered":"<p>Segundo o deputado Pepe Vargas (PT\/RS), o fator previdenci\u00e1rio deve ser apreciado em plen\u00e1rio com urg\u00eancia &#8220;Em 2010 ser\u00e1 mais complicada a aprecia\u00e7\u00e3o da mat\u00e9ria pelos parlamentares. O projeto est\u00e1 submetido ao tempo pol\u00edtico. Ou aprova-se agora ou n\u00e3o haver\u00e1 condi\u00e7\u00f5es para vot\u00e1-lo pois, em ano eleitoral h\u00e1 uma natural dispers\u00e3o do Congresso, que dificulta aprecia\u00e7\u00e3o de mat\u00e9rias pol\u00eamicas&#8221;<\/p>\n<p>Por isso, o relator do PL 3.299\/08, deputado Pepe Vargas (PT\/RS), que extingue o fator previdenci\u00e1rio, n\u00e3o vai apresentar seu parecer na Comiss\u00e3o de Finan\u00e7as e Tributa\u00e7\u00e3o da C\u00e2mara.<\/p>\n<p>O melhor \u00e9 apreciar o projeto em plen\u00e1rio, e, para isso, ser\u00e1 necess\u00e1rio a aprova\u00e7\u00e3o do requerimento de urg\u00eancia apresentado \u00e0 Mesa Diretora da Casa pelo deputado Jo\u00e3o Dado (PDT\/SP).<\/p>\n<p>Pepe Vargas tem recebido entidades sindicais de v\u00e1rios setores, aposentados e tamb\u00e9m representantes do Governo com a inten\u00e7\u00e3o de viabilizar um texto que possa ser, em primeiro lugar, aprovado na Casa com o apoio do Executivo, para evitar o veto, integral ou parcial do projeto.<\/p>\n<p>O relator tenta construir uma sa\u00edda economicamente vi\u00e1vel para os aposentados do Pa\u00eds.<\/p>\n<p>As solu\u00e7\u00f5es n\u00e3o s\u00e3o apenas matem\u00e1ticas, por\u00e9m, elas tamb\u00e9m afetam nas decis\u00f5es pol\u00edticas. Os empecilhos para viabilizar a vota\u00e7\u00e3o da mat\u00e9ria s\u00e3o muitos e \u00e9 preciso press\u00e3o da sociedade, dos setores organizados, para que o projeto possa ir a voto.<\/p>\n<p>O resultado da vota\u00e7\u00e3o, em plen\u00e1rio, \u00e9 uma inc\u00f3gnita. O relator n\u00e3o sabe ainda se para perder ou ganhar, caso o texto v\u00e1 a plen\u00e1rio.<\/p>\n<p><strong>Audi\u00eancias <\/strong><\/p>\n<p>Ap\u00f3s as audi\u00eancias p\u00fablicas que foram realizadas na Comiss\u00e3o de Finan\u00e7as e Tributa\u00e7\u00e3o, o relator se deparou com v\u00e1rias reivindica\u00e7\u00f5es dos trabalhadores e as comparou com as que o Governo pretende aprovar no Parlamento.<\/p>\n<p>Os entendimentos est\u00e3o em curso, por\u00e9m o projeto tem que ser apreciado na Casa ainda neste semestre. Certamente, entende o relator, que o projeto ser\u00e1 modificado. Desse modo, o texto retornar\u00e1 \u00e0 Casa de origem, o Senado.<\/p>\n<p>Agora, as negocia\u00e7\u00f5es para colocar a mat\u00e9ria em pauta se dar\u00e3o com os l\u00edderes da C\u00e2mara dos Deputados.<\/p>\n<p>Em 2010, ano eleitoral, ser\u00e1 mais complicada a aprecia\u00e7\u00e3o da mat\u00e9ria pelos parlamentares. O projeto est\u00e1 submetido ao tempo pol\u00edtico.<\/p>\n<p>Ou aprova-se agora ou n\u00e3o haver\u00e1 condi\u00e7\u00f5es para vot\u00e1-lo, pois em ano eleitoral h\u00e1 uma natural dispers\u00e3o do Congresso, o que dificulta a vota\u00e7\u00e3o de mat\u00e9rias pol\u00eamicas.<\/p>\n<p><strong>Fonte: Diap<\/strong><\/p>\n","protected":false},"excerpt":{"rendered":"<p>Segundo o deputado Pepe Vargas (PT\/RS), o fator previdenci\u00e1rio deve ser apreciado em plen\u00e1rio com urg\u00eancia &#8220;Em 2010 ser\u00e1 mais complicada a aprecia\u00e7\u00e3o da mat\u00e9ria pelos parlamentares. O projeto est\u00e1 submetido ao tempo pol\u00edtico. Ou aprova-se agora ou n\u00e3o haver\u00e1 condi\u00e7\u00f5es para vot\u00e1-lo pois, em ano eleitoral h\u00e1 uma natural dispers\u00e3o do Congresso, que dificulta [&hellip;]<\/p>\n","protected":false},"author":3,"featured_media":0,"comment_status":"open","ping_status":"open","sticky":false,"template":"","format":"standard","meta":{"tdm_status":"","tdm_grid_status":"","footnotes":""},"categories":[22,7],"tags":[],"class_list":{"0":"post-3472","1":"post","2":"type-post","3":"status-publish","4":"format-standard","6":"category-brasil","7":"category-economia"},"_links":{"self":[{"href":"https:\/\/migracao.redenoticia.com.br\/noticia\/wp-json\/wp\/v2\/posts\/3472","targetHints":{"allow":["GET"]}}],"collection":[{"href":"https:\/\/migracao.redenoticia.com.br\/noticia\/wp-json\/wp\/v2\/posts"}],"about":[{"href":"https:\/\/migracao.redenoticia.com.br\/noticia\/wp-json\/wp\/v2\/types\/post"}],"author":[{"embeddable":true,"href":"https:\/\/migracao.redenoticia.com.br\/noticia\/wp-json\/wp\/v2\/users\/3"}],"replies":[{"embeddable":true,"href":"https:\/\/migracao.redenoticia.com.br\/noticia\/wp-json\/wp\/v2\/comments?post=3472"}],"version-history":[{"count":0,"href":"https:\/\/migracao.redenoticia.com.br\/noticia\/wp-json\/wp\/v2\/posts\/3472\/revisions"}],"wp:attachment":[{"href":"https:\/\/migracao.redenoticia.com.br\/noticia\/wp-json\/wp\/v2\/media?parent=3472"}],"wp:term":[{"taxonomy":"category","embeddable":true,"href":"https:\/\/migracao.redenoticia.com.br\/noticia\/wp-json\/wp\/v2\/categories?post=3472"},{"taxonomy":"post_tag","embeddable":true,"href":"https:\/\/migracao.redenoticia.com.br\/noticia\/wp-json\/wp\/v2\/tags?post=3472"}],"curies":[{"name":"wp","href":"https:\/\/api.w.org\/{rel}","templated":true}]}}