{"id":3477,"date":"2009-06-22T16:57:48","date_gmt":"2009-06-22T20:57:48","guid":{"rendered":"http:\/\/www.redenoticia.com.br\/noticia\/?p=3477"},"modified":"2009-06-22T20:26:03","modified_gmt":"2009-06-23T00:26:03","slug":"30%c2%b0-expojipa-ira-apoiar-o-gapc","status":"publish","type":"post","link":"https:\/\/migracao.redenoticia.com.br\/noticia\/2009\/30%c2%b0-expojipa-ira-apoiar-o-gapc\/3477","title":{"rendered":"30\u00b0 Expojipa ir\u00e1 apoiar o GAPC"},"content":{"rendered":"<p>A 30\u00aa Exposi\u00e7\u00e3o Agropecu\u00e1ria Industrial e Comercial de Ji-Paran\u00e1, ( EXPOJIPA), tamb\u00e9m reserva uma noite para a solidariedade. A segunda \u2013feira de festa, chamada de Solid\u00e1ria este ano beneficiar\u00e1 o Grupo de Apoio aos Portadores de C\u00e2ncer do munic\u00edpio (GAPC).<\/p>\n<p>Como atra\u00e7\u00e3o principal\u00a0 para a segunda-feira,(06\/07), o GAPC contratou o piloto tri-campe\u00e3o brasileiro de Free Style Motocross, Joaninha. Para ter acesso ao Parque de Exposi\u00e7\u00f5es e assistir ao show, o participante paga apenas dois reais.<\/p>\n<p>O GAPC foi formado em novembro de 2007, e j\u00e1 assistiu mais de 160 pessoas portadores de c\u00e2ncer em Ji-Paran\u00e1 e regi\u00e3o. Entre as prioridades do grupo est\u00e1 o trabalho preventivo. Al\u00e9m de realizar palestras informativas sobre a doen\u00e7a o GAPC j\u00e1 trouxe por duas vezes (2008 e 2009) a Carreta Oncol\u00f3gica do Hospital\u00a0 de C\u00e2ncer de Barretos em Ji-Paran\u00e1, que realizou mais de 250 atendimentos gratuitos em pessoas com suspeitas de c\u00e2ncer de pr\u00f3stata, colo de \u00fatero e pele.<\/p>\n<p>Os ingressos podem ser adquiridos na bilheteria no dia do show ou nos seguintes pontos de vendas:<\/p>\n<p>&#8211; Pica Pau Moto N\u00e1utica<\/p>\n<p>&#8211; Centro de Controle de Vetores,<\/p>\n<p>&#8211; C\u00e2mara Municipal de Ji-Paran\u00e1,<\/p>\n<p>&#8211; Rede TV,<\/p>\n<p>&#8211; Unimed<\/p>\n<p>-Comercial S\u00e3o Jo\u00e3o.<\/p>\n<p>&#8211; Comercial Sanches<\/p>\n<p>&#8211; Churrascaria Polly<\/p>\n<p>Maiores informa\u00e7\u00f5es podem ser obtidas pelo telefone ( 69) 9227-3010.<\/p>\n","protected":false},"excerpt":{"rendered":"<p>A 30\u00aa Exposi\u00e7\u00e3o Agropecu\u00e1ria Industrial e Comercial de Ji-Paran\u00e1, ( EXPOJIPA), tamb\u00e9m reserva uma noite para a solidariedade. A segunda \u2013feira de festa, chamada de Solid\u00e1ria este ano beneficiar\u00e1 o Grupo de Apoio aos Portadores de C\u00e2ncer do munic\u00edpio (GAPC). Como atra\u00e7\u00e3o principal\u00a0 para a segunda-feira,(06\/07), o GAPC contratou o piloto tri-campe\u00e3o brasileiro de Free [&hellip;]<\/p>\n","protected":false},"author":2,"featured_media":0,"comment_status":"open","ping_status":"open","sticky":false,"template":"","format":"standard","meta":{"tdm_status":"","tdm_grid_status":"","footnotes":""},"categories":[22],"tags":[],"class_list":{"0":"post-3477","1":"post","2":"type-post","3":"status-publish","4":"format-standard","6":"category-brasil"},"_links":{"self":[{"href":"https:\/\/migracao.redenoticia.com.br\/noticia\/wp-json\/wp\/v2\/posts\/3477","targetHints":{"allow":["GET"]}}],"collection":[{"href":"https:\/\/migracao.redenoticia.com.br\/noticia\/wp-json\/wp\/v2\/posts"}],"about":[{"href":"https:\/\/migracao.redenoticia.com.br\/noticia\/wp-json\/wp\/v2\/types\/post"}],"author":[{"embeddable":true,"href":"https:\/\/migracao.redenoticia.com.br\/noticia\/wp-json\/wp\/v2\/users\/2"}],"replies":[{"embeddable":true,"href":"https:\/\/migracao.redenoticia.com.br\/noticia\/wp-json\/wp\/v2\/comments?post=3477"}],"version-history":[{"count":0,"href":"https:\/\/migracao.redenoticia.com.br\/noticia\/wp-json\/wp\/v2\/posts\/3477\/revisions"}],"wp:attachment":[{"href":"https:\/\/migracao.redenoticia.com.br\/noticia\/wp-json\/wp\/v2\/media?parent=3477"}],"wp:term":[{"taxonomy":"category","embeddable":true,"href":"https:\/\/migracao.redenoticia.com.br\/noticia\/wp-json\/wp\/v2\/categories?post=3477"},{"taxonomy":"post_tag","embeddable":true,"href":"https:\/\/migracao.redenoticia.com.br\/noticia\/wp-json\/wp\/v2\/tags?post=3477"}],"curies":[{"name":"wp","href":"https:\/\/api.w.org\/{rel}","templated":true}]}}