{"id":3479,"date":"2009-06-22T17:00:33","date_gmt":"2009-06-22T21:00:33","guid":{"rendered":"http:\/\/www.redenoticia.com.br\/noticia\/?p=3479"},"modified":"2009-06-22T17:00:33","modified_gmt":"2009-06-22T21:00:33","slug":"agricultura-familiar-podera-produzir-energia-renovavel","status":"publish","type":"post","link":"https:\/\/migracao.redenoticia.com.br\/noticia\/2009\/agricultura-familiar-podera-produzir-energia-renovavel\/3479","title":{"rendered":"Agricultura familiar poder\u00e1 produzir energia renovavel"},"content":{"rendered":"<p>Programa de r\u00e1dio da Embrapa explica como produtores rurais podem utilizar res\u00edduos agr\u00edcolas para produ\u00e7\u00e3o de energia<\/p>\n<p>&#8220;Utiliza\u00e7\u00e3o de res\u00edduos agr\u00edcolas oriundos da agricultura familiar na produ\u00e7\u00e3o de energia renov\u00e1vel&#8221; \u00e9 tema do programa de r\u00e1dio Prosa Rural, da Embrapa Informa\u00e7\u00e3o Tecnol\u00f3gica, que ser\u00e1 veiculado em todas as regi\u00f5es do Brasil, na semana do dia 22 ao dia 28 de junho. O tema ser\u00e1 apresentado pela Embrapa Agroenergia, unidade da Empresa Brasileira de Pesquisa Agropecu\u00e1ria, vinculada ao Minist\u00e9rio da Agricultura, Pecu\u00e1ria e Abastecimento.<\/p>\n<p>No programa o pesquisador da Embrapa Agroenergia, Jos\u00e9 Dilcio Rocha, explica como os agricultores familiares podem utilizar res\u00edduos agr\u00edcolas produzidos na propriedade rural para produ\u00e7\u00e3o de energia. Em toda propriedade rural s\u00e3o encontrados diversos res\u00edduos, como sobras de madeira, casca de arroz e de caf\u00e9, sabugo de milho, caro\u00e7o de a\u00e7a\u00ed, baga\u00e7o de lim\u00e3o e laranja, entre outros.<\/p>\n<p>De acordo com o pesquisador, qualquer res\u00edduo agr\u00edcola ou florestal pode ser mat\u00e9ria prima para a produ\u00e7\u00e3o de briquetes &#8211; uma fonte concentrada e comprimida de material energ\u00e9tico que pode ser queimado no lugar da lenha.<\/p>\n<p>Os briquetes s\u00e3o produzidos a partir de qualquer biomassa vegetal, mat\u00e9ria-prima que deve ser processada por uma briquetadeira, m\u00e1quina com capacidade para processar entre 50 e 1000 kg\/h de res\u00edduos. O pesquisador desenvolveu uma briquetadeira que est\u00e1 sendo fabricada por empresas da iniciativa privada. O equipamento deve ser dimensionado para atender a cada propriedade e ter um custo de investimento e operacional compat\u00edvel.<\/p>\n<p>Durante o programa, Dilcio explica os procedimentos a serem adotados para a produ\u00e7\u00e3o dos briquetes. O primeiro passo \u00e9 manusear os res\u00edduos com o mesmo cuidado com que se manuseia produ\u00e7\u00e3o de alimentos. Al\u00e9m disso, devem estar fora de alcance da chuva e terra. Dado o primeiro passo, os res\u00edduos devem ser secados e mo\u00eddos. Logo ap\u00f3s, o res\u00edduo estar\u00e1 pronto para ser briquetado.<\/p>\n<p>Com o material na m\u00e3o \u00e9 hora do produtor ganhar dinheiro. Dilcio sugere que o produtor deve buscar na cidade mais pr\u00f3xima, estabelecimentos comerciais que tenham forno ou caldeira para serem compradores dos briquetes produzidos. Pizzaria, padaria, hotel, olaria ou cer\u00e2mica, latic\u00ednios, ind\u00fastria de gesso, entre outros que usam forno s\u00e3o sugest\u00f5es.<\/p>\n<p>\u00c9 importante tamb\u00e9m fazer um plano de neg\u00f3cios para controlar os custos envolvidos nesta atividade, que pode ser feita com a parceria da assist\u00eancia t\u00e9cnica ou da associa\u00e7\u00e3o de produtores. O produtor rural deve se organizar com outros produtores para adquirir equipamentos mais caros como briquetadeira, secador e picador.<\/p>\n<p>Diante dos pre\u00e7os altos dos combust\u00edveis tradicionais, da crescente conscientiza\u00e7\u00e3o quanto \u00e0 preserva\u00e7\u00e3o ambiental e das dificuldades para obten\u00e7\u00e3o de lenha, a produ\u00e7\u00e3o de briquetes se apresenta como uma alternativa que traz benef\u00edcios sociais, econ\u00f4micos e ambientais. O biocombust\u00edvel substitui a lenha na sua totalidade, sem a necessidade de qualquer modifica\u00e7\u00e3o no equipamento, inclusive os novos fornos a lenha compactos trazendo assim economia, comodidade, rentabilidade e a garantia no fornecimento. &#8220;Esse aproveitamento ajuda na renda do pequeno produtor, al\u00e9m de evitar que este material seja queimado a c\u00e9u aberto, causando danos ao meio ambiente&#8221;, conclui o pesquisador.<\/p>\n<p>Al\u00e9m das sugest\u00f5es do pesquisador, os ouvintes tamb\u00e9m podem escutar dicas para produ\u00e7\u00e3o dos briquetes. Produzido por Dijalma Barbosa da Embrapa Recursos Gen\u00e9ticos e Biotecnologia, em um di\u00e1logo informal, entre casal de produtores, Dona Maria convence Seu Z\u00e9 que, no lote onde moram, muito produtos podem ser reciclados e virar lenha ecol\u00f3gica. Desse jeito, n\u00e3o faltar\u00e1 mais fogo para cozinhar.<\/p>\n","protected":false},"excerpt":{"rendered":"<p>Programa de r\u00e1dio da Embrapa explica como produtores rurais podem utilizar res\u00edduos agr\u00edcolas para produ\u00e7\u00e3o de energia &#8220;Utiliza\u00e7\u00e3o de res\u00edduos agr\u00edcolas oriundos da agricultura familiar na produ\u00e7\u00e3o de energia renov\u00e1vel&#8221; \u00e9 tema do programa de r\u00e1dio Prosa Rural, da Embrapa Informa\u00e7\u00e3o Tecnol\u00f3gica, que ser\u00e1 veiculado em todas as regi\u00f5es do Brasil, na semana do dia [&hellip;]<\/p>\n","protected":false},"author":2,"featured_media":0,"comment_status":"open","ping_status":"open","sticky":false,"template":"","format":"standard","meta":{"tdm_status":"","tdm_grid_status":"","footnotes":""},"categories":[22,7],"tags":[],"class_list":{"0":"post-3479","1":"post","2":"type-post","3":"status-publish","4":"format-standard","6":"category-brasil","7":"category-economia"},"_links":{"self":[{"href":"https:\/\/migracao.redenoticia.com.br\/noticia\/wp-json\/wp\/v2\/posts\/3479","targetHints":{"allow":["GET"]}}],"collection":[{"href":"https:\/\/migracao.redenoticia.com.br\/noticia\/wp-json\/wp\/v2\/posts"}],"about":[{"href":"https:\/\/migracao.redenoticia.com.br\/noticia\/wp-json\/wp\/v2\/types\/post"}],"author":[{"embeddable":true,"href":"https:\/\/migracao.redenoticia.com.br\/noticia\/wp-json\/wp\/v2\/users\/2"}],"replies":[{"embeddable":true,"href":"https:\/\/migracao.redenoticia.com.br\/noticia\/wp-json\/wp\/v2\/comments?post=3479"}],"version-history":[{"count":0,"href":"https:\/\/migracao.redenoticia.com.br\/noticia\/wp-json\/wp\/v2\/posts\/3479\/revisions"}],"wp:attachment":[{"href":"https:\/\/migracao.redenoticia.com.br\/noticia\/wp-json\/wp\/v2\/media?parent=3479"}],"wp:term":[{"taxonomy":"category","embeddable":true,"href":"https:\/\/migracao.redenoticia.com.br\/noticia\/wp-json\/wp\/v2\/categories?post=3479"},{"taxonomy":"post_tag","embeddable":true,"href":"https:\/\/migracao.redenoticia.com.br\/noticia\/wp-json\/wp\/v2\/tags?post=3479"}],"curies":[{"name":"wp","href":"https:\/\/api.w.org\/{rel}","templated":true}]}}