{"id":34807,"date":"2011-04-27T21:02:37","date_gmt":"2011-04-28T01:02:37","guid":{"rendered":"http:\/\/www.redenoticia.com.br\/noticia\/?p=34807"},"modified":"2011-04-28T12:12:59","modified_gmt":"2011-04-28T16:12:59","slug":"meteorologia-%e2%80%93-previsao-do-tempo-para-esta-quinta-feira-2804","status":"publish","type":"post","link":"https:\/\/migracao.redenoticia.com.br\/noticia\/2011\/meteorologia-%e2%80%93-previsao-do-tempo-para-esta-quinta-feira-2804\/34807","title":{"rendered":"Meteorologia \u2013 previs\u00e3o do tempo para esta quinta-feira 28\/04"},"content":{"rendered":"<p><img loading=\"lazy\" decoding=\"async\" class=\"alignleft size-full wp-image-28409\" title=\"previsao do tempo e temperatura\" src=\"https:\/\/migracao.redenoticia.com.br\/noticia\/imagens\/previsao-do-tempo-e-temperatura.jpg\" alt=\"\" width=\"300\" height=\"193\" srcset=\"https:\/\/migracao.redenoticia.com.br\/noticia\/imagens\/previsao-do-tempo-e-temperatura.jpg 300w, https:\/\/migracao.redenoticia.com.br\/noticia\/imagens\/previsao-do-tempo-e-temperatura-250x160.jpg 250w, https:\/\/migracao.redenoticia.com.br\/noticia\/imagens\/previsao-do-tempo-e-temperatura-150x96.jpg 150w\" sizes=\"auto, (max-width: 300px) 100vw, 300px\" \/>Previs\u00e3o do tempo\u00a0\u2013 a\u00a0<strong><em>meteorologia<\/em><\/strong> divulgou a <strong><em>previs\u00e3o do tempo<\/em><\/strong> e\u00a0<strong><em>temperatura<\/em><\/strong> para quinta-feira (28\/04) e informa que a chuva forte localizada dever\u00e1 se concentrar em SP (menores chances no cone leste), nordeste de MS, RJ, centro-sul do ES e de MG, Tri\u00e2ngulo Mineiro, extremo sul de GO, AM (exceto o extremo norte e o extremo oeste), extremo sul de RR, PA, extremo norte de RO, AP, norte do MA, do PI e do CE, RN, faixa leste da PB e do PE, AL e SE. Segundo a previs\u00e3o do tempo na sexta-feira (29\/04) a chuva forte localizada dever\u00e1 se concentrar no centro-leste de SP (incluindo a capital), RJ sul e Zona da Mata Mineira, centro-sul do ES, grande parte do AM, sul de RR, PA (exceto o extremo sul), AP, extremo norte do TO, norte do MA, do PI e do CE, RN, PB, leste de PE, AL e SE. Dados da previs\u00e3o do tempo indicam que durante os pr\u00f3ximos dias (pelo menos at\u00e9 o dia 03\/05) dever\u00e3o ocorrer chuvas intensas com acumulados significativos e alto potencial destrutivo sobre parte do Norte e Nordeste do Brasil, principalmente no centro-nordeste do PA, AP, norte do MA, do PI e do CE e em grande parte dos Esatdos do RN, PB, PE, AL e SE. A previs\u00e3o do tempo destaca que no Vale do Para\u00edba haver\u00e1 muitas nuvens e chuvas em forma de pancada em toda regi\u00e3o. Nas \u00e1reas pr\u00f3ximas \u00e0 serra poder\u00e1 chover localmente forte. As temperaturas seguir\u00e3o amenas.<\/p>\n<p>Regi\u00e3o Centro-Oeste \u2013 previs\u00e3o do tempo em\u00a028\/04\/2011:\u00a0No norte de MT: nebulosidade vari\u00e1vel e pancada de chuva. No sudoeste de MT e em grande parte de MS: sol entre poucas nuvens. No norte de MS e demais \u00e1reas: sol com nebulosidade vari\u00e1vel e possibilidade de pancadas de chuva. Temperaturas est\u00e1veis. Temperatura m\u00e1xima: 33C no noroeste do MT. Temperatura m\u00ednima: 16C no DF.<\/p>\n<p>Regi\u00e3o Nordeste \u2013 previs\u00e3o do tempo em\u00a028\/04\/2011:\u00a0No leste da BA e de SE: tempo inst\u00e1vel com nebulosidade vari\u00e1vel e chuva a qualquer hora. No litoral sul da BA: nublado com chuva a qualquer momento. No norte do MA, do PI e do noroeste de CE e no leste entre o RN e AL: nublado com fortes pancadas de chuva. Nas demais \u00e1reas da Regi\u00e3o: sol com nebulosidade vari\u00e1vel e pancada de chuva. Temperatura m\u00e1xima em decl\u00ednio no sudoeste da BA. Temperatura m\u00e1xima: 33C no norte do PI. Temperatura m\u00ednima: 17C no interior da BA.<\/p>\n<p>Regi\u00e3o Norte \u2013 previs\u00e3o do tempo em\u00a028\/04\/2011:\u00a0No centro-sul do TO e de RO: sol entre poucas nuvens e com possibilidade de pancadas de chuva. No centro-leste do AM, no centro-norte e oeste do PA e no AP: nublado com pancadas de chuva localmente forte a qualquer momento. Nas demais \u00e1reas da Regi\u00e3o: sol entre nebulosidade vari\u00e1vel e com pancadas de chuva isolada. Temperatura est\u00e1vel. Temperatura m\u00e1xima: 33C no nordeste de RR. Temperatura m\u00ednima: 18C no sudeste do TO.<\/p>\n<p>Regi\u00e3o Sudeste \u2013 previs\u00e3o do tempo em\u00a028\/04\/2011:\u00a0No norte de MG: sol entre poucas nuvens. No extremo oeste de SP: predom\u00ednio de sol. Na maior parte de SP: nublado com pancadas de chuva. Nas demais \u00e1reas da Regi\u00e3o: sol entre nebulosidade vari\u00e1vel e pancada de chuva. No litoral sul de SP e no litoral norte do ES: nublado com chuva a qualquer momento. Temperatura amena. Temperatura m\u00e1xima: 26C no norte de SP. Temperatura m\u00ednima: 11C no sul de MG.<\/p>\n<p>Regi\u00e3o Sul \u2013 previs\u00e3o do tempo em\u00a028\/04\/2011:\u00a0No centro-leste do PR e no nordeste de SC: nublado com pancadas de chuva. No litoral nordeste de SC e no litoral do PR: nublado com chuva a qualquer momento. No oeste de SC e do PR e na maior parte do RS: predom\u00ednio de sol. Nas demais \u00e1reas da Regi\u00e3o: dia nublado. Temperatura amena. Temperatura m\u00e1xima: 26C no oeste do RS. Temperatura m\u00ednima: 10C nas \u00e1reas de serra.<\/p>\n<p>Previs\u00e3o do tempo e temperatura CPTEC<\/p>\n<p>&nbsp;<\/p>\n","protected":false},"excerpt":{"rendered":"<p>Previs\u00e3o do tempo\u00a0\u2013 a\u00a0meteorologia divulgou a previs\u00e3o do tempo e\u00a0temperatura para quinta-feira (28\/04) e informa que a chuva forte localizada dever\u00e1 se concentrar em SP (menores chances no cone leste), nordeste de MS, RJ, centro-sul do ES e de MG, Tri\u00e2ngulo Mineiro, extremo sul de GO, AM (exceto o extremo norte e o extremo oeste), [&hellip;]<\/p>\n","protected":false},"author":3,"featured_media":28409,"comment_status":"open","ping_status":"open","sticky":false,"template":"","format":"standard","meta":{"tdm_status":"","tdm_grid_status":"","footnotes":""},"categories":[22],"tags":[],"class_list":{"0":"post-34807","1":"post","2":"type-post","3":"status-publish","4":"format-standard","5":"has-post-thumbnail","7":"category-brasil"},"_links":{"self":[{"href":"https:\/\/migracao.redenoticia.com.br\/noticia\/wp-json\/wp\/v2\/posts\/34807","targetHints":{"allow":["GET"]}}],"collection":[{"href":"https:\/\/migracao.redenoticia.com.br\/noticia\/wp-json\/wp\/v2\/posts"}],"about":[{"href":"https:\/\/migracao.redenoticia.com.br\/noticia\/wp-json\/wp\/v2\/types\/post"}],"author":[{"embeddable":true,"href":"https:\/\/migracao.redenoticia.com.br\/noticia\/wp-json\/wp\/v2\/users\/3"}],"replies":[{"embeddable":true,"href":"https:\/\/migracao.redenoticia.com.br\/noticia\/wp-json\/wp\/v2\/comments?post=34807"}],"version-history":[{"count":0,"href":"https:\/\/migracao.redenoticia.com.br\/noticia\/wp-json\/wp\/v2\/posts\/34807\/revisions"}],"wp:featuredmedia":[{"embeddable":true,"href":"https:\/\/migracao.redenoticia.com.br\/noticia\/wp-json\/wp\/v2\/media\/28409"}],"wp:attachment":[{"href":"https:\/\/migracao.redenoticia.com.br\/noticia\/wp-json\/wp\/v2\/media?parent=34807"}],"wp:term":[{"taxonomy":"category","embeddable":true,"href":"https:\/\/migracao.redenoticia.com.br\/noticia\/wp-json\/wp\/v2\/categories?post=34807"},{"taxonomy":"post_tag","embeddable":true,"href":"https:\/\/migracao.redenoticia.com.br\/noticia\/wp-json\/wp\/v2\/tags?post=34807"}],"curies":[{"name":"wp","href":"https:\/\/api.w.org\/{rel}","templated":true}]}}