{"id":34820,"date":"2011-04-27T18:21:56","date_gmt":"2011-04-27T22:21:56","guid":{"rendered":"http:\/\/www.redenoticia.com.br\/noticia\/?p=34820"},"modified":"2011-04-27T18:30:34","modified_gmt":"2011-04-27T22:30:34","slug":"unesp-lanca-50-livros-digitais-gratuitos","status":"publish","type":"post","link":"https:\/\/migracao.redenoticia.com.br\/noticia\/2011\/unesp-lanca-50-livros-digitais-gratuitos\/34820","title":{"rendered":"Unesp lan\u00e7a 50 livros digitais gratuitos"},"content":{"rendered":"<h1><span style=\"font-size: 13px; font-weight: normal;\"><img loading=\"lazy\" decoding=\"async\" class=\"alignleft size-full wp-image-34821\" title=\"livro\" src=\"https:\/\/migracao.redenoticia.com.br\/noticia\/imagens\/livro1.jpg\" alt=\"\" width=\"300\" height=\"193\" srcset=\"https:\/\/migracao.redenoticia.com.br\/noticia\/imagens\/livro1.jpg 300w, https:\/\/migracao.redenoticia.com.br\/noticia\/imagens\/livro1-250x160.jpg 250w, https:\/\/migracao.redenoticia.com.br\/noticia\/imagens\/livro1-150x96.jpg 150w\" sizes=\"auto, (max-width: 300px) 100vw, 300px\" \/>Ag\u00eancia FAPESP \u2013 a Universidade Estadual Paulista (Unesp) disponibilizou\u00a0<em><strong>gratuitamente<\/strong><\/em> 50 novos <em><strong>livros digitais<\/strong><\/em>. <\/span><span style=\"font-size: 13px; font-weight: normal;\">Segundo as respons\u00e1veis pela iniciativa, a Editora Unesp e a Pr\u00f3-Reitoria de P\u00f3s-Gradua\u00e7\u00e3o, os t\u00edtulos integram o selo Cultura Acad\u00eamica (lan\u00e7ado em 1987, o segundo da Funda\u00e7\u00e3o Editora da Unesp) e d\u00e3o continuidade \u00e0 Cole\u00e7\u00e3o <a href=\"http:\/\/www.culturaacademica.com.br\/colecao_view.asp?ID=6\" target=\"_blank\">Propg Digital<\/a>, que oferece obras in\u00e9ditas para download.<\/span><\/h1>\n<p>Ap\u00f3s o lan\u00e7amento os autores concederam entrevistas individuais para a Web TV, projeto da Faculdade de Arquitetura, Artes e Comunica\u00e7\u00e3o da universidade.<\/p>\n<p>A cole\u00e7\u00e3o teve sua primeira fase em 2010, quando foram lan\u00e7adas 44 obras. Desde ent\u00e3o, foram registrados mais de 50 mil downloads e cerca de 205 mil acessos.<\/p>\n<p>Segundo os organizadores, a meta do projeto \u00e9 publicar mil t\u00edtulos em dez anos, permitindo maior acesso \u00e0 produ\u00e7\u00e3o acad\u00eamica da Unesp.<\/p>\n<p>A Editora Unesp fica na Pra\u00e7a da S\u00e9, 108, no Centro de S\u00e3o Paulo.<\/p>\n<p>PROPG &#8211; DIGITAL<br \/>\nEsta cole\u00e7\u00e3o surge em fun\u00e7\u00e3o da tradicional parceria entre a Pr\u00f3-Reitoria de P\u00f3s-Gradua\u00e7\u00e3o da UNESP &#8211; PROPG &#8211; e a Funda\u00e7\u00e3o Editora da UNESP, ambas respons\u00e1veis pelo lan\u00e7amento de centenas de t\u00edtulos e novos autores da Universidade em outros programas editoriais com suporte em papel. Sintonizada com as tecnologias da textualidade eletr\u00f4nica e tamb\u00e9m com a transmiss\u00e3o gratuita de conhecimento gerado nas pesquisas da universidade p\u00fablica, a Cole\u00e7\u00e3o PROPG-DIGITAL \u00e9 tamb\u00e9m a primeira experi\u00eancia da Funda\u00e7\u00e3o com o livro digital e ser\u00e1 importante laborat\u00f3rio de novas iniciativas nesta \u00e1rea que conquista gradualmente seu lugar no imenso universo de possibilidades da publica\u00e7\u00e3o e da leitura acad\u00eamica.<\/p>\n","protected":false},"excerpt":{"rendered":"<p>Ag\u00eancia FAPESP \u2013 a Universidade Estadual Paulista (Unesp) disponibilizou\u00a0gratuitamente 50 novos livros digitais. Segundo as respons\u00e1veis pela iniciativa, a Editora Unesp e a Pr\u00f3-Reitoria de P\u00f3s-Gradua\u00e7\u00e3o, os t\u00edtulos integram o selo Cultura Acad\u00eamica (lan\u00e7ado em 1987, o segundo da Funda\u00e7\u00e3o Editora da Unesp) e d\u00e3o continuidade \u00e0 Cole\u00e7\u00e3o Propg Digital, que oferece obras in\u00e9ditas para [&hellip;]<\/p>\n","protected":false},"author":3,"featured_media":34821,"comment_status":"open","ping_status":"open","sticky":false,"template":"","format":"standard","meta":{"tdm_status":"","tdm_grid_status":"","footnotes":""},"categories":[22],"tags":[],"class_list":{"0":"post-34820","1":"post","2":"type-post","3":"status-publish","4":"format-standard","5":"has-post-thumbnail","7":"category-brasil"},"_links":{"self":[{"href":"https:\/\/migracao.redenoticia.com.br\/noticia\/wp-json\/wp\/v2\/posts\/34820","targetHints":{"allow":["GET"]}}],"collection":[{"href":"https:\/\/migracao.redenoticia.com.br\/noticia\/wp-json\/wp\/v2\/posts"}],"about":[{"href":"https:\/\/migracao.redenoticia.com.br\/noticia\/wp-json\/wp\/v2\/types\/post"}],"author":[{"embeddable":true,"href":"https:\/\/migracao.redenoticia.com.br\/noticia\/wp-json\/wp\/v2\/users\/3"}],"replies":[{"embeddable":true,"href":"https:\/\/migracao.redenoticia.com.br\/noticia\/wp-json\/wp\/v2\/comments?post=34820"}],"version-history":[{"count":0,"href":"https:\/\/migracao.redenoticia.com.br\/noticia\/wp-json\/wp\/v2\/posts\/34820\/revisions"}],"wp:featuredmedia":[{"embeddable":true,"href":"https:\/\/migracao.redenoticia.com.br\/noticia\/wp-json\/wp\/v2\/media\/34821"}],"wp:attachment":[{"href":"https:\/\/migracao.redenoticia.com.br\/noticia\/wp-json\/wp\/v2\/media?parent=34820"}],"wp:term":[{"taxonomy":"category","embeddable":true,"href":"https:\/\/migracao.redenoticia.com.br\/noticia\/wp-json\/wp\/v2\/categories?post=34820"},{"taxonomy":"post_tag","embeddable":true,"href":"https:\/\/migracao.redenoticia.com.br\/noticia\/wp-json\/wp\/v2\/tags?post=34820"}],"curies":[{"name":"wp","href":"https:\/\/api.w.org\/{rel}","templated":true}]}}