{"id":34829,"date":"2011-05-01T10:06:26","date_gmt":"2011-05-01T14:06:26","guid":{"rendered":"http:\/\/www.redenoticia.com.br\/noticia\/?p=34829"},"modified":"2011-05-01T15:30:43","modified_gmt":"2011-05-01T19:30:43","slug":"esquadrao-do-amor-novo-reality-do-sbt","status":"publish","type":"post","link":"https:\/\/migracao.redenoticia.com.br\/noticia\/2011\/esquadrao-do-amor-novo-reality-do-sbt\/34829","title":{"rendered":"Esquadr\u00e3o do Amor: novo reality do SBT"},"content":{"rendered":"<p><em><strong><img loading=\"lazy\" decoding=\"async\" class=\"alignleft size-full wp-image-34830\" title=\"esquadrao do amor sbt\" src=\"https:\/\/migracao.redenoticia.com.br\/noticia\/imagens\/esquadrao-do-amor-sbt.jpg\" alt=\"\" width=\"301\" height=\"194\" srcset=\"https:\/\/migracao.redenoticia.com.br\/noticia\/imagens\/esquadrao-do-amor-sbt.jpg 301w, https:\/\/migracao.redenoticia.com.br\/noticia\/imagens\/esquadrao-do-amor-sbt-250x161.jpg 250w, https:\/\/migracao.redenoticia.com.br\/noticia\/imagens\/esquadrao-do-amor-sbt-150x96.jpg 150w\" sizes=\"auto, (max-width: 301px) 100vw, 301px\" \/>Esquadr\u00e3o do Amor <\/strong><\/em>&#8211; todo mundo quer amar e ser amado. Mas na vida real, as coisas podem ficar complicadas. \u00c0s vezes, \u00e9 preciso a ajuda de algu\u00e9m para fazer as coisas acontecerem, algu\u00e9m que d\u00ea aquele empurr\u00e3o que faltava, o incentivo para se descobrir e mostrar para o mundo a sua ess\u00eancia, sem travas, sem barreiras. E \u00e9 com essa miss\u00e3o que o Esquadr\u00e3o do Amor estreia no <em><strong>SBT<\/strong><\/em>, na ter\u00e7a (3), \u00e0s 20h30. Com uma dupla de feras, Jairo Bouer e Alana Rodrigues Alves, o programa vai tratar de relacionamentos, descobertas, e ajudar quem tem problemas em expressar o amor pr\u00f3prio e o amor ao pr\u00f3ximo.<\/p>\n<p>Cada participante traz uma quest\u00e3o em aberto cujo ponto em comum \u00e9 o amor, e os especialistas do Esquadr\u00e3o v\u00e3o ajud\u00e1-los a criar pontes para rela\u00e7\u00f5es dif\u00edceis. \u201c\u00c9 um programa do bem que tenta fazer as pessoas vencerem inibi\u00e7\u00f5es, barreiras e bloqueios pra chegar num objetivo, que, em geral \u00e9 se declarar a quem ama\u201d, explica Bouer.<\/p>\n<p>Mas promover o encontro com o grande amor \u00e9 apenas um dos objetivos do Esquadr\u00e3o. \u201cO amor \u00e9 um sentimento muito amplo. Nos primeiros epis\u00f3dios vamos falar de relacionamentos afetivos, mas a ideia \u00e9 ir abrindo. Uma filha que n\u00e3o fala com seu pai h\u00e1 anos, por exemplo, \u00e9 uma pessoa que precisa da ajuda de especialistas pra vencer certos bloqueios e ter coragem ent\u00e3o de falar com seu pai\u201d, adianta o diretor da atra\u00e7\u00e3o, Aldrin Mazzei.<\/p>\n<p>Transforma\u00e7\u00e3o<br \/>\nAl\u00e9m de toda a transforma\u00e7\u00e3o interna, os participantes ir\u00e3o reformular totalmente seu visual, mudando o cabelo, aprendendo a se maquiar e comprando roupas que v\u00e3o valorizar suas formas. Uma transforma\u00e7\u00e3o tamb\u00e9m externa que vai mudar a maneira como eles se v\u00eaem e s\u00e3o vistos. \u201cVamos trabalhar a autoestima das pessoas, e eu entro com a parte visual, que \u00e9 a parte de fazer a pessoa se sentir bem com o visual que ela tem. A gente vai fazer compras e a ideia \u00e9 deixar a pessoa preparada pra um encontro\u201d, explica a consultora de imagem Alana Rodrigues Alves.<\/p>\n<p>Os apresentadores:<br \/>\n&#8211; O psiquiatra e especialista em comportamento, Jairo Bouer j\u00e1 \u00e9 um rosto conhecido da TV h\u00e1 mais de 12 anos, com passagens pelas principais emissoras do pa\u00eds.<\/p>\n<p>&#8211;\tA consultora de imagem Alana Rodrigues Alves, pioneira do assunto no Brasil, onde atua na \u00e1rea h\u00e1 mais de 10 anos, completa a dupla perfeita para resgatar qualquer alma em apuros.<\/p>\n<p>E na estreia, Michelle, 20, pede ajuda para se declarar a um amigo<br \/>\nNo primeiro epis\u00f3dio, a dupla de feras do Esquadr\u00e3o vai ajudar a mineira Michelle, de 20 anos. Apaixonada pelo amigo, Alessandro, que conhece h\u00e1 um ano, a garota nunca teve coragem de dizer a ele que sente algo mais. Para reverter essa situa\u00e7\u00e3o ela passou por sess\u00f5es com Jairo Bouer e teve de enfrentar seus bloqueios pessoais, como o medo de dormir sozinha, al\u00e9m de demonstrar como se comporta com rapazes. Com a consultora de imagem Alana Rodrigues, Michelle aprendeu a se maquiar e a arrumar o cabelo. Com a autoestima refor\u00e7ada, Michelle finalmente partiu para o esperado encontro com Alessandro. O desfecho da hist\u00f3ria de Michelle voc\u00ea confere na ter\u00e7a (3), \u00e0s 20h30, na estreia de Esquadr\u00e3o do Amor.<\/p>\n","protected":false},"excerpt":{"rendered":"<p>Esquadr\u00e3o do Amor &#8211; todo mundo quer amar e ser amado. Mas na vida real, as coisas podem ficar complicadas. \u00c0s vezes, \u00e9 preciso a ajuda de algu\u00e9m para fazer as coisas acontecerem, algu\u00e9m que d\u00ea aquele empurr\u00e3o que faltava, o incentivo para se descobrir e mostrar para o mundo a sua ess\u00eancia, sem travas, [&hellip;]<\/p>\n","protected":false},"author":3,"featured_media":34830,"comment_status":"open","ping_status":"open","sticky":false,"template":"","format":"standard","meta":{"tdm_status":"","tdm_grid_status":"","footnotes":""},"categories":[22,372,343],"tags":[],"class_list":{"0":"post-34829","1":"post","2":"type-post","3":"status-publish","4":"format-standard","5":"has-post-thumbnail","7":"category-brasil","8":"category-sbt","9":"category-televisao"},"_links":{"self":[{"href":"https:\/\/migracao.redenoticia.com.br\/noticia\/wp-json\/wp\/v2\/posts\/34829","targetHints":{"allow":["GET"]}}],"collection":[{"href":"https:\/\/migracao.redenoticia.com.br\/noticia\/wp-json\/wp\/v2\/posts"}],"about":[{"href":"https:\/\/migracao.redenoticia.com.br\/noticia\/wp-json\/wp\/v2\/types\/post"}],"author":[{"embeddable":true,"href":"https:\/\/migracao.redenoticia.com.br\/noticia\/wp-json\/wp\/v2\/users\/3"}],"replies":[{"embeddable":true,"href":"https:\/\/migracao.redenoticia.com.br\/noticia\/wp-json\/wp\/v2\/comments?post=34829"}],"version-history":[{"count":0,"href":"https:\/\/migracao.redenoticia.com.br\/noticia\/wp-json\/wp\/v2\/posts\/34829\/revisions"}],"wp:featuredmedia":[{"embeddable":true,"href":"https:\/\/migracao.redenoticia.com.br\/noticia\/wp-json\/wp\/v2\/media\/34830"}],"wp:attachment":[{"href":"https:\/\/migracao.redenoticia.com.br\/noticia\/wp-json\/wp\/v2\/media?parent=34829"}],"wp:term":[{"taxonomy":"category","embeddable":true,"href":"https:\/\/migracao.redenoticia.com.br\/noticia\/wp-json\/wp\/v2\/categories?post=34829"},{"taxonomy":"post_tag","embeddable":true,"href":"https:\/\/migracao.redenoticia.com.br\/noticia\/wp-json\/wp\/v2\/tags?post=34829"}],"curies":[{"name":"wp","href":"https:\/\/api.w.org\/{rel}","templated":true}]}}