{"id":3483,"date":"2009-06-22T17:15:21","date_gmt":"2009-06-22T21:15:21","guid":{"rendered":"http:\/\/www.redenoticia.com.br\/noticia\/?p=3483"},"modified":"2009-06-22T20:25:26","modified_gmt":"2009-06-23T00:25:26","slug":"frigorifico-marfrig-vai-parar-de-comprar-de-fazendas-com-novos-desmatamentos","status":"publish","type":"post","link":"https:\/\/migracao.redenoticia.com.br\/noticia\/2009\/frigorifico-marfrig-vai-parar-de-comprar-de-fazendas-com-novos-desmatamentos\/3483","title":{"rendered":"Frigor\u00edfico Marfrig vai parar de comprar de fazendas com novos desmatamentos"},"content":{"rendered":"<p>O frigor\u00edfico Marfrig respondeu ao relat\u00f3rio \u201cA Farra do Boi na Amaz\u00f4nia\u201d, do Greenpeace, e anunciou hoje uma morat\u00f3ria sobre novos desmatamentos para a pecu\u00e1ria na Amaz\u00f4nia, nos mesmos moldes da morat\u00f3ria da soja. A empresa, quarta maior produtora de carne bovina e derivados do mundo, se comprometeu a n\u00e3o comprar mais gado de fazendas que desmatam no bioma Amaz\u00f4nia.<\/p>\n<p>O governo do Mato Grosso apoiou a iniciativa da Marfrig e disponibilizou seu sistema de controle e monitoramento do desmatamento no estado para verificar se as fazendas est\u00e3o cumprindo os compromissos assumidos pela morat\u00f3ria. O governador Blairo Maggi disse ao Greenpeace que deve incorporar crit\u00e9rios ambientais ao seu sistema de rastreabilidade de fornecimento de gado, como o cruzamento de informa\u00e7\u00f5es contidas nos GTAs (Guia de Transporte Animal), nota fiscal eletr\u00f4nica e dados do Sistema de Licenciamento Ambiental de Propriedade Rural (SLAPR).<\/p>\n<p>\u201cA iniciativa da Marfrig demonstra que \u00e9 poss\u00edvel um compromisso da ind\u00fastria frigor\u00edfica brasileira com o fim do desmatamento na Amaz\u00f4nia\u201d, disse Andr\u00e9 Muggiati, do Greenpeace. \u201cEstamos vendo nessa a\u00e7\u00e3o individual o caminho que todo o setor deveria trilhar: de aceitar o compromisso com o fim do desmatamento, de assumir a responsabilidade corporativa do setor, de ser transparente e de respeito ao Pacto Nacional contra o Trabalho Escravo\u201d.<\/p>\n<p>O Mato Grosso \u00e9 o estado amaz\u00f4nico que possui o maior rebanho do Brasil e historicamente vem liderando a lista de campe\u00e3o do desmatamento na Amaz\u00f4nia. \u201cA iniciativa da Marfrig, apoiada pelo governo do estado, pode ter um efeito concreto e muito importante na luta contra as mudan\u00e7as clim\u00e1ticas, j\u00e1 que a destrui\u00e7\u00e3o florestal \u00e9 a maior contribui\u00e7\u00e3o brasileira ao aquecimento global\u201d, disse Furtado.<\/p>\n<p>Desde o lan\u00e7amento do relat\u00f3rio \u201cFarra do Boi na Amaz\u00f4nia\u201d, os supermercados Carrefour, Wal Mart e P\u00e3o de A\u00e7\u00facar anunciaram a inten\u00e7\u00e3o de n\u00e3o comprar mais carne vinda de novos desmatamentos na Amaz\u00f4nia. O IFC, bra\u00e7o do Banco Mundial que financia empresas, cancelou um empr\u00e9stimo de US$ 90 milh\u00f5es\u00a0 para o frigor\u00edfico Bertin. Onze frigor\u00edficos, incluindo o Bertin, est\u00e3o sendo processados pelo Minist\u00e9rio P\u00fablico Federal no Par\u00e1, por sua contribui\u00e7\u00e3o ao desmatamento.<\/p>\n<p>\u201cO Marfrig saiu na frente e assumiu um compromisso com a floresta. Isso dever\u00e1 posicionar a empresa com um diferencial competitivo no mercado internacional de carnes e derivados\u201d, disse Muggiati.<\/p>\n<p>Assessoria de imprensa do Greenpeace<\/p>\n","protected":false},"excerpt":{"rendered":"<p>O frigor\u00edfico Marfrig respondeu ao relat\u00f3rio \u201cA Farra do Boi na Amaz\u00f4nia\u201d, do Greenpeace, e anunciou hoje uma morat\u00f3ria sobre novos desmatamentos para a pecu\u00e1ria na Amaz\u00f4nia, nos mesmos moldes da morat\u00f3ria da soja. A empresa, quarta maior produtora de carne bovina e derivados do mundo, se comprometeu a n\u00e3o comprar mais gado de fazendas [&hellip;]<\/p>\n","protected":false},"author":2,"featured_media":0,"comment_status":"open","ping_status":"open","sticky":false,"template":"","format":"standard","meta":{"tdm_status":"","tdm_grid_status":"","footnotes":""},"categories":[22,7],"tags":[],"class_list":{"0":"post-3483","1":"post","2":"type-post","3":"status-publish","4":"format-standard","6":"category-brasil","7":"category-economia"},"_links":{"self":[{"href":"https:\/\/migracao.redenoticia.com.br\/noticia\/wp-json\/wp\/v2\/posts\/3483","targetHints":{"allow":["GET"]}}],"collection":[{"href":"https:\/\/migracao.redenoticia.com.br\/noticia\/wp-json\/wp\/v2\/posts"}],"about":[{"href":"https:\/\/migracao.redenoticia.com.br\/noticia\/wp-json\/wp\/v2\/types\/post"}],"author":[{"embeddable":true,"href":"https:\/\/migracao.redenoticia.com.br\/noticia\/wp-json\/wp\/v2\/users\/2"}],"replies":[{"embeddable":true,"href":"https:\/\/migracao.redenoticia.com.br\/noticia\/wp-json\/wp\/v2\/comments?post=3483"}],"version-history":[{"count":0,"href":"https:\/\/migracao.redenoticia.com.br\/noticia\/wp-json\/wp\/v2\/posts\/3483\/revisions"}],"wp:attachment":[{"href":"https:\/\/migracao.redenoticia.com.br\/noticia\/wp-json\/wp\/v2\/media?parent=3483"}],"wp:term":[{"taxonomy":"category","embeddable":true,"href":"https:\/\/migracao.redenoticia.com.br\/noticia\/wp-json\/wp\/v2\/categories?post=3483"},{"taxonomy":"post_tag","embeddable":true,"href":"https:\/\/migracao.redenoticia.com.br\/noticia\/wp-json\/wp\/v2\/tags?post=3483"}],"curies":[{"name":"wp","href":"https:\/\/api.w.org\/{rel}","templated":true}]}}