{"id":34841,"date":"2011-04-28T22:34:46","date_gmt":"2011-04-29T02:34:46","guid":{"rendered":"http:\/\/www.redenoticia.com.br\/noticia\/?p=34841"},"modified":"2011-04-29T11:37:42","modified_gmt":"2011-04-29T15:37:42","slug":"meteorologia-%e2%80%93-previsao-do-tempo-para-esta-sexta-feira-2904","status":"publish","type":"post","link":"https:\/\/migracao.redenoticia.com.br\/noticia\/2011\/meteorologia-%e2%80%93-previsao-do-tempo-para-esta-sexta-feira-2904\/34841","title":{"rendered":"Meteorologia \u2013 previs\u00e3o do tempo para esta sexta-feira 29\/04"},"content":{"rendered":"<p><img loading=\"lazy\" decoding=\"async\" class=\"alignleft size-full wp-image-28409\" title=\"previsao do tempo e temperatura\" src=\"https:\/\/migracao.redenoticia.com.br\/noticia\/imagens\/previsao-do-tempo-e-temperatura.jpg\" alt=\"\" width=\"300\" height=\"193\" srcset=\"https:\/\/migracao.redenoticia.com.br\/noticia\/imagens\/previsao-do-tempo-e-temperatura.jpg 300w, https:\/\/migracao.redenoticia.com.br\/noticia\/imagens\/previsao-do-tempo-e-temperatura-250x160.jpg 250w, https:\/\/migracao.redenoticia.com.br\/noticia\/imagens\/previsao-do-tempo-e-temperatura-150x96.jpg 150w\" sizes=\"auto, (max-width: 300px) 100vw, 300px\" \/>Previs\u00e3o do tempo\u00a0\u2013 a\u00a0<strong><em>meteorologia<\/em><\/strong> divulgou a <strong><em>previs\u00e3o do tempo<\/em><\/strong> e\u00a0<strong><em>temperatura<\/em><\/strong> para\u00a0sexta-feira (29\/04)\u00a0e informa que\u00a0a chuva forte localizada dever\u00e1 se concentrar na sa\u00edda do Tri\u00e2ngulo Mineiro (durante a madrugada e manh\u00e3), no RJ (principalmente em \u00e1reas de serra) e divisa com MG, oeste de MS (no final do per\u00edodo), Rec\u00f4ncavo Baino (incluindo a capital Salvador), faixa litor\u00e2nea de SE, AL, PE, PB, grande parte do RN, norte do CE, do PI e do MA, centro-nordeste do PA (incluindo a capital Bel\u00e9m), AP, RR e grande parte do AM.\u00a0Segundo a previs\u00e3o do tempo\u00a0durante os pr\u00f3ximos dias  (pelo menos at\u00e9 o dia 03\/05) dever\u00e3o ocorrer chuvas intensas com acumulados significativos e alto potencial destrutivo sobre parte do Norte e Nordeste do Brasil, principalmente no centro-nordeste do PA, AP, norte do MA, do PI e do CE e em grande parte dos Esatdos do RN, PB, PE, AL e SE.\u00a0Dados da previs\u00e3o do tempo indicam que no\u00a0Vale do Para\u00edba ainda haver\u00e1 varia\u00e7\u00e3o de nuvens na regi\u00e3o. A previs\u00e3o do tempo destaca que a\u00a0temperatura m\u00e1xima estar\u00e1 em gradativa eleva\u00e7\u00e3o.<\/p>\n<p>Regi\u00e3o Centro-Oeste \u2013 previs\u00e3o do tempo em 29\/04\/2011:\u00a0No norte de MT e no oeste de MS: sol com nebulosidade vari\u00e1vel com pancadas de chuva isolada. No leste de MS, em GO e no centro-leste de MT: predom\u00ednio de sol. Nas demais \u00e1reas da Regi\u00e3o: sol com nebulosidade vari\u00e1vel e pancada de chuva \u00e0 tarde. Temperatura est\u00e1vel. Temperatura m\u00e1xima: 33C no noroeste do MT. Temperatura m\u00ednima: 15C no DF.<\/p>\n<p>Regi\u00e3o Nordeste \u2013 previs\u00e3o do tempo em 29\/04\/2011:\u00a0No litoral da BA do SE e de AL: muitas nuvens e chuva. No sul do PI e demais \u00e1reas da BA: sol entre poucas nuvens. Nas demais \u00e1reas: sol com nebulosidade vari\u00e1vel e pancada de chuva. Temperaturas est\u00e1veis. Temperatura m\u00e1xima: 33C no norte do PI. Temperatura m\u00ednima: 17C no interior da BA.<\/p>\n<p>Regi\u00e3o Norte \u2013 previs\u00e3o do tempo em 29\/04\/2011:\u00a0No centro-sul do TO: predom\u00ednio de sol. No centro-sul do TO: sol entre nebulosidade vari\u00e1vel e com pancadas de chuva \u00e0 tarde. No centro-sul de RR, no nordeste do AM, oeste e norte do PA e no AP: muitas nuvens e com pancadas de chuva. Em alguns pontos poder\u00e1 chover forte. Nas demais \u00e1reas da Regi\u00e3o: sol entre nebulosidade vari\u00e1vel e com pancadas de chuva isolada e pontualmente forte em \u00e1reas do AM. Temperatura est\u00e1vel. Temperatura m\u00e1xima: 34C em RO. Temperatura m\u00ednima: 17C no sudeste do TO.<\/p>\n<p>Regi\u00e3o Sudeste \u2013 previs\u00e3o do tempo em\u00a029\/04\/2011:\u00a0Em grande parte de SP, no oeste e norte de MG: sol entre poucas nuvens. No litoral de SP e nordeste de MG: sol com varia\u00e7\u00e3o de nebulosidade e chuva a qualquer hora. Temperatura amena. Nas demais \u00e1reas: sol entre nuvens e pancadas de chuva. Temperatura m\u00e1xima: 26C no norte de SP. Temperatura m\u00ednima: 11C no sul de MG.<\/p>\n<p>Regi\u00e3o Sul \u2013 previs\u00e3o do tempo em\u00a029\/04\/2011:\u00a0Na faixa litor\u00e2nea entre o RS e o PR: tempo inst\u00e1vel com nebulosidade vari\u00e1vel e chuva a qualquer hora. Nas demais \u00e1reas: sol entre poucas nuvens. Temperatura amena. Temperatura m\u00e1xima: 26C no oeste do RS. Temperatura m\u00ednima: 10C nas \u00e1reas de serra.<\/p>\n<p>Previs\u00e3o do tempo e temperatura CPTEC<\/p>\n<p>&nbsp;<\/p>\n","protected":false},"excerpt":{"rendered":"<p>Previs\u00e3o do tempo\u00a0\u2013 a\u00a0meteorologia divulgou a previs\u00e3o do tempo e\u00a0temperatura para\u00a0sexta-feira (29\/04)\u00a0e informa que\u00a0a chuva forte localizada dever\u00e1 se concentrar na sa\u00edda do Tri\u00e2ngulo Mineiro (durante a madrugada e manh\u00e3), no RJ (principalmente em \u00e1reas de serra) e divisa com MG, oeste de MS (no final do per\u00edodo), Rec\u00f4ncavo Baino (incluindo a capital Salvador), faixa [&hellip;]<\/p>\n","protected":false},"author":3,"featured_media":28409,"comment_status":"open","ping_status":"open","sticky":false,"template":"","format":"standard","meta":{"tdm_status":"","tdm_grid_status":"","footnotes":""},"categories":[22],"tags":[],"class_list":{"0":"post-34841","1":"post","2":"type-post","3":"status-publish","4":"format-standard","5":"has-post-thumbnail","7":"category-brasil"},"_links":{"self":[{"href":"https:\/\/migracao.redenoticia.com.br\/noticia\/wp-json\/wp\/v2\/posts\/34841","targetHints":{"allow":["GET"]}}],"collection":[{"href":"https:\/\/migracao.redenoticia.com.br\/noticia\/wp-json\/wp\/v2\/posts"}],"about":[{"href":"https:\/\/migracao.redenoticia.com.br\/noticia\/wp-json\/wp\/v2\/types\/post"}],"author":[{"embeddable":true,"href":"https:\/\/migracao.redenoticia.com.br\/noticia\/wp-json\/wp\/v2\/users\/3"}],"replies":[{"embeddable":true,"href":"https:\/\/migracao.redenoticia.com.br\/noticia\/wp-json\/wp\/v2\/comments?post=34841"}],"version-history":[{"count":0,"href":"https:\/\/migracao.redenoticia.com.br\/noticia\/wp-json\/wp\/v2\/posts\/34841\/revisions"}],"wp:featuredmedia":[{"embeddable":true,"href":"https:\/\/migracao.redenoticia.com.br\/noticia\/wp-json\/wp\/v2\/media\/28409"}],"wp:attachment":[{"href":"https:\/\/migracao.redenoticia.com.br\/noticia\/wp-json\/wp\/v2\/media?parent=34841"}],"wp:term":[{"taxonomy":"category","embeddable":true,"href":"https:\/\/migracao.redenoticia.com.br\/noticia\/wp-json\/wp\/v2\/categories?post=34841"},{"taxonomy":"post_tag","embeddable":true,"href":"https:\/\/migracao.redenoticia.com.br\/noticia\/wp-json\/wp\/v2\/tags?post=34841"}],"curies":[{"name":"wp","href":"https:\/\/api.w.org\/{rel}","templated":true}]}}