{"id":34847,"date":"2011-04-28T14:12:39","date_gmt":"2011-04-28T18:12:39","guid":{"rendered":"http:\/\/www.redenoticia.com.br\/noticia\/?p=34847"},"modified":"2011-04-28T14:12:39","modified_gmt":"2011-04-28T18:12:39","slug":"programa-capacita-pessoas-com-deficiencia","status":"publish","type":"post","link":"https:\/\/migracao.redenoticia.com.br\/noticia\/2011\/programa-capacita-pessoas-com-deficiencia\/34847","title":{"rendered":"Programa capacita pessoas com defici\u00eancia"},"content":{"rendered":"<p>O Sindicato das Empresas de Processamento de Dados e Servi\u00e7os de Inform\u00e1tica  do Estado de S\u00e3o Paulo \u2013 <em><strong>SEPROSP<\/strong><\/em> (secretaria@seprosp.org.br) firmou contrato com  a Uni Sant\u2019Anna (<a href=\"http:\/\/www.unisantanna.br\/\" target=\"_blank\">www.unisantanna.br<\/a>) e a  Funda\u00e7\u00e3o Leon\u00eddio Allegretti para realiza\u00e7\u00e3o do Programa Piloto SEPROSP  Eficiente de<em><strong> capacita\u00e7\u00e3o profissional nas \u00e1reas de Tecnologia e Inform\u00e1tica para  80 pessoas com defici\u00eancia<\/strong><\/em> f\u00edsica, auditiva e visual.<\/p>\n<p>O curso, com dura\u00e7\u00e3o de quatro meses (300 horas), ser\u00e1 ministrado nas  depend\u00eancias da Uni Sant\u2019Anna por professores universit\u00e1rios, qualificados em  educa\u00e7\u00e3o inclusiva. O conte\u00fado inclui as disciplinas de portugu\u00eas, matem\u00e1tica,  conhecimentos gerais, inform\u00e1tica e conduta profissional.<\/p>\n<p>O objetivo do programa \u00e9 promover o aprimoramento educacional e a  capacita\u00e7\u00e3o profissional de pessoas com defici\u00eancia f\u00edsica, visual e\/ou auditiva  para inser\u00e7\u00e3o no mercado de trabalho do setor de TI. Desde o in\u00edcio do curso, 80  pessoas com defici\u00eancia ser\u00e3o contratadas pelas empresas associadas ao SEPROSP,  com sal\u00e1rio inicial de R$ 600,00 para 100 horas mensais.<br \/>\nConforme a Lei  8213\/91(Lei de Cotas), empresas com mais de 100 funcion\u00e1rios s\u00e3o obrigadas a  ocupar de 2 a 5% dos cargos com pessoas com defici\u00eancia. Assim, o programa ir\u00e1  minimizar a dificuldade das empresas em encontrar profissionais capacitados para  preencher as vagas previstas pela legisla\u00e7\u00e3o.<\/p>\n<p>Os interessados que tenham o 2\u00ba grau completo, mais de 18 anos de idade e  laudo m\u00e9dico que comprove a defici\u00eancia, de acordo com o Decreto 5.296\/04, devem  enviar nome completo, n\u00famero do RG e telefone para o e-mail inclusao@santanna.br  e\/ou ligar para o telefone (11) 2175-8000 (ramal 8086).<\/p>\n<p>O programa ser\u00e1 dirigido por Fl\u00e1via Cintra, Coordenadora do N\u00facleo de  Desenvolvimento Inclusivo da Uni Sant\u2019Anna\/Funda\u00e7\u00e3o Leon\u00eddio Alegretti,  refer\u00eancia internacional na \u00e1rea, e contar\u00e1 com equipe multidisciplinar,  composta por psic\u00f3logos, psicopedagogos, int\u00e9rpretes de LIBRAS, ledores e  auxiliares de inclus\u00e3o, entre outros. O in\u00edcio das aulas est\u00e1 previsto para maio  de 2011, com os primeiros 80 candidatos selecionados.<\/p>\n<p>O curso ser\u00e1 realizado no campus Santana do Centro Universit\u00e1rio  Sant\u2019Anna, localizado pr\u00f3ximo \u00e0 esta\u00e7\u00e3o Tiet\u00ea do Metr\u00f4, que possui rampas de  acesso, elevadores com sinaliza\u00e7\u00e3o em Braille, toaletes adaptados para  cadeirantes e computadores com sintetizador de voz.<\/p>\n<p>Hist\u00f3ria &#8211; A Uni Sant\u2019Anna e a Funda\u00e7\u00e3o Leon\u00eddio Allegretti trabalham com a  inclus\u00e3o de pessoas com defici\u00eancia desde o in\u00edcio de 1996, anos antes das  regulamenta\u00e7\u00f5es das leis de acessibilidade e inclus\u00e3o.<\/p>\n<p>Refer\u00eancia em educa\u00e7\u00e3o inclusiva, a Uni Sant\u2019Anna \u00e9 uma das institui\u00e7\u00f5es  de ensino superior no Pa\u00eds com o maior n\u00famero de alunos com defici\u00eancia. Em  2009\/2010, executou com sucesso o maior programa j\u00e1 realizado no Brasil, o  Programa FEBRABAN de Inser\u00e7\u00e3o Profissional de Pessoas com Defici\u00eancia no Setor  Banc\u00e1rio, capacitando cerca de 550 pessoas com defici\u00eancia para a Federa\u00e7\u00e3o  Brasileira dos Bancos \u2013 FEBRABAN, em parceria com a Prefeitura de S\u00e3o Paulo,  Cursinho da Poli, i-Social e apoio da OIT.<\/p>\n<p>Sobre o Centro Universit\u00e1rio Sant\u2019Anna \u2013 Segundo maior Centro Universit\u00e1rio  do Estado de S\u00e3o Paulo (censo MEC 2008), \u00e9 reconhecido por sua intensa atua\u00e7\u00e3o  social e incentivo \u00e0 pr\u00e1tica esportiva, em parceria com a Funda\u00e7\u00e3o Leon\u00eddio  Alegretti. A institui\u00e7\u00e3o possui quatro campi: Santana, Shopping Aricanduva,  Tucuruvi e Salto, que oferecem mais de 50 cursos de gradua\u00e7\u00e3o e  p\u00f3s-gradua\u00e7\u00e3o.<\/p>\n<p>Fl\u00e1via Cintra \u00e9 jornalista e coordenadora do N\u00facleo de Desenvolvimento  Inclusivo da Uni Sant\u00b4Anna\/Funda\u00e7\u00e3o Leon\u00eddio Allegretti desde 1997. Representou  o Brasil no Comit\u00ea Ad Hoc, criado pela Organiza\u00e7\u00e3o das Na\u00e7\u00f5es Unidas &#8211; ONU em  2006, para elabora\u00e7\u00e3o da Conven\u00e7\u00e3o sobre os Direitos da Pessoa com Defici\u00eancia.  Foi consultora de Manoel Carlos, autor da novela \u201cViver a Vida\u201d da TV Globo, que  abordou a tem\u00e1tica das pessoas com defici\u00eancia, assessorando a atriz Alinne  Moraes. Atualmente \u00e9 rep\u00f3rter do Fant\u00e1stico, da TV Globo.<\/p>\n","protected":false},"excerpt":{"rendered":"<p>O Sindicato das Empresas de Processamento de Dados e Servi\u00e7os de Inform\u00e1tica do Estado de S\u00e3o Paulo \u2013 SEPROSP (secretaria@seprosp.org.br) firmou contrato com a Uni Sant\u2019Anna (www.unisantanna.br) e a Funda\u00e7\u00e3o Leon\u00eddio Allegretti para realiza\u00e7\u00e3o do Programa Piloto SEPROSP Eficiente de capacita\u00e7\u00e3o profissional nas \u00e1reas de Tecnologia e Inform\u00e1tica para 80 pessoas com defici\u00eancia f\u00edsica, auditiva [&hellip;]<\/p>\n","protected":false},"author":3,"featured_media":0,"comment_status":"open","ping_status":"open","sticky":false,"template":"","format":"standard","meta":{"tdm_status":"","tdm_grid_status":"","footnotes":""},"categories":[22,351,370],"tags":[],"class_list":{"0":"post-34847","1":"post","2":"type-post","3":"status-publish","4":"format-standard","6":"category-brasil","7":"category-cursos","8":"category-inscricao"},"_links":{"self":[{"href":"https:\/\/migracao.redenoticia.com.br\/noticia\/wp-json\/wp\/v2\/posts\/34847","targetHints":{"allow":["GET"]}}],"collection":[{"href":"https:\/\/migracao.redenoticia.com.br\/noticia\/wp-json\/wp\/v2\/posts"}],"about":[{"href":"https:\/\/migracao.redenoticia.com.br\/noticia\/wp-json\/wp\/v2\/types\/post"}],"author":[{"embeddable":true,"href":"https:\/\/migracao.redenoticia.com.br\/noticia\/wp-json\/wp\/v2\/users\/3"}],"replies":[{"embeddable":true,"href":"https:\/\/migracao.redenoticia.com.br\/noticia\/wp-json\/wp\/v2\/comments?post=34847"}],"version-history":[{"count":0,"href":"https:\/\/migracao.redenoticia.com.br\/noticia\/wp-json\/wp\/v2\/posts\/34847\/revisions"}],"wp:attachment":[{"href":"https:\/\/migracao.redenoticia.com.br\/noticia\/wp-json\/wp\/v2\/media?parent=34847"}],"wp:term":[{"taxonomy":"category","embeddable":true,"href":"https:\/\/migracao.redenoticia.com.br\/noticia\/wp-json\/wp\/v2\/categories?post=34847"},{"taxonomy":"post_tag","embeddable":true,"href":"https:\/\/migracao.redenoticia.com.br\/noticia\/wp-json\/wp\/v2\/tags?post=34847"}],"curies":[{"name":"wp","href":"https:\/\/api.w.org\/{rel}","templated":true}]}}