{"id":34860,"date":"2011-04-29T09:42:32","date_gmt":"2011-04-29T13:42:32","guid":{"rendered":"http:\/\/www.redenoticia.com.br\/noticia\/?p=34860"},"modified":"2011-04-29T09:42:32","modified_gmt":"2011-04-29T13:42:32","slug":"campanha-do-agasalho-2011-na-drogaria-sao-paulo","status":"publish","type":"post","link":"https:\/\/migracao.redenoticia.com.br\/noticia\/2011\/campanha-do-agasalho-2011-na-drogaria-sao-paulo\/34860","title":{"rendered":"Campanha do Agasalho 2011 na Drogaria S\u00e3o Paulo"},"content":{"rendered":"<p><img loading=\"lazy\" decoding=\"async\" class=\"alignleft size-full wp-image-34861\" title=\"campanha do agasalho\" src=\"https:\/\/migracao.redenoticia.com.br\/noticia\/imagens\/campanha-do-agasalho.jpg\" alt=\"\" width=\"299\" height=\"193\" srcset=\"https:\/\/migracao.redenoticia.com.br\/noticia\/imagens\/campanha-do-agasalho.jpg 299w, https:\/\/migracao.redenoticia.com.br\/noticia\/imagens\/campanha-do-agasalho-250x161.jpg 250w, https:\/\/migracao.redenoticia.com.br\/noticia\/imagens\/campanha-do-agasalho-150x96.jpg 150w\" sizes=\"auto, (max-width: 299px) 100vw, 299px\" \/>Mais um inverno se aproxima e, mais uma vez, a Drogaria S\u00e3o Paulo, a maior  rede de drogarias do pa\u00eds, inicia a <em><strong>Campanha do Agasalho<\/strong><\/em>. H\u00e1 nove anos, durante  dois meses, a Rede disponibiliza caixas de coleta de roupas e agasalhos em todas  as suas filiais. O nome da Campanha desta edi\u00e7\u00e3o \u00e9 \u201cCompartilhe um pouco de  calor com quem precisa\u201d.<\/p>\n<p>Para participar, basta se dirigir at\u00e9 umas das lojas da Drogaria S\u00e3o Paulo  dos estados de S\u00e3o Paulo, Rio de Janeiro e Minas Gerais, regi\u00f5es participantes,  e depositar a doa\u00e7\u00e3o nas caixas coletoras. \u201cAs causas sociais est\u00e3o no nosso  DNA, por isso fazemos quest\u00e3o de investir e manter essa Campanha ativa. Queremos  promover o bem e disseminar valores sociais, que reflitam internamente, em  nossos funcion\u00e1rios, e na comunidade\u201d, comenta o Diretor de Marketing da  Drogaria S\u00e3o Paulo, Andr\u00e9 Elias.<\/p>\n<p>No ano passado, foram recolhidos cerca de sete mil sacos de 100 litros  repletos de pe\u00e7as de roupas para o frio e cobertores. \u201cAs arrecada\u00e7\u00f5es crescem  ano ap\u00f3s ano e esperamos superar esse n\u00famero em 2011 para, novamente,  compartilhar um pouco de calor com quem precisa\u201d, diz. O destino das pe\u00e7as ser\u00e1  o Fundo de Solidariedade das cidades participantes. De l\u00e1, as pe\u00e7as ser\u00e3o  distribu\u00eddas entre albergues, creches e institui\u00e7\u00f5es de caridade.<\/p>\n<p>Este ano, a Campanha da Drogaria S\u00e3o Paulo ganhou nova identidade visual e  recebeu o apoio da Johnson &amp; Johnson. \u201cEssa \u00e9 a prova de que valores sociais  s\u00e3o facilmente entendidos e disseminados\u201d, completa Elias.<\/p>\n<p>Sobre a Drogaria S\u00e3o Paulo<\/p>\n<p>Com 68 anos de atua\u00e7\u00e3o, a Drogaria S\u00e3o  Paulo est\u00e1 presente em cerca de 70 dos principais munic\u00edpios do Pa\u00eds. Em junho  de 2010, adquiriu a rede Drog\u00e3o (4\u00aa maior rede paulista) e consolidou sua  lideran\u00e7a nacional. Foi pioneira na implanta\u00e7\u00e3o de farm\u00e1cias 24 horas e na  concess\u00e3o de descontos especiais para aposentados. Hoje, atende mais de 5  milh\u00f5es de pessoas por m\u00eas e freq\u00fcentemente \u00e9 reconhecida como \u2018top of mind\u2019 de  drogaria nos mercados em que atua.<\/p>\n<p>&nbsp;<\/p>\n","protected":false},"excerpt":{"rendered":"<p>Mais um inverno se aproxima e, mais uma vez, a Drogaria S\u00e3o Paulo, a maior rede de drogarias do pa\u00eds, inicia a Campanha do Agasalho. H\u00e1 nove anos, durante dois meses, a Rede disponibiliza caixas de coleta de roupas e agasalhos em todas as suas filiais. O nome da Campanha desta edi\u00e7\u00e3o \u00e9 \u201cCompartilhe um [&hellip;]<\/p>\n","protected":false},"author":3,"featured_media":34861,"comment_status":"open","ping_status":"open","sticky":false,"template":"","format":"standard","meta":{"tdm_status":"","tdm_grid_status":"","footnotes":""},"categories":[22],"tags":[],"class_list":{"0":"post-34860","1":"post","2":"type-post","3":"status-publish","4":"format-standard","5":"has-post-thumbnail","7":"category-brasil"},"_links":{"self":[{"href":"https:\/\/migracao.redenoticia.com.br\/noticia\/wp-json\/wp\/v2\/posts\/34860","targetHints":{"allow":["GET"]}}],"collection":[{"href":"https:\/\/migracao.redenoticia.com.br\/noticia\/wp-json\/wp\/v2\/posts"}],"about":[{"href":"https:\/\/migracao.redenoticia.com.br\/noticia\/wp-json\/wp\/v2\/types\/post"}],"author":[{"embeddable":true,"href":"https:\/\/migracao.redenoticia.com.br\/noticia\/wp-json\/wp\/v2\/users\/3"}],"replies":[{"embeddable":true,"href":"https:\/\/migracao.redenoticia.com.br\/noticia\/wp-json\/wp\/v2\/comments?post=34860"}],"version-history":[{"count":0,"href":"https:\/\/migracao.redenoticia.com.br\/noticia\/wp-json\/wp\/v2\/posts\/34860\/revisions"}],"wp:featuredmedia":[{"embeddable":true,"href":"https:\/\/migracao.redenoticia.com.br\/noticia\/wp-json\/wp\/v2\/media\/34861"}],"wp:attachment":[{"href":"https:\/\/migracao.redenoticia.com.br\/noticia\/wp-json\/wp\/v2\/media?parent=34860"}],"wp:term":[{"taxonomy":"category","embeddable":true,"href":"https:\/\/migracao.redenoticia.com.br\/noticia\/wp-json\/wp\/v2\/categories?post=34860"},{"taxonomy":"post_tag","embeddable":true,"href":"https:\/\/migracao.redenoticia.com.br\/noticia\/wp-json\/wp\/v2\/tags?post=34860"}],"curies":[{"name":"wp","href":"https:\/\/api.w.org\/{rel}","templated":true}]}}