{"id":34879,"date":"2011-04-30T16:36:44","date_gmt":"2011-04-30T20:36:44","guid":{"rendered":"http:\/\/www.redenoticia.com.br\/noticia\/?p=34879"},"modified":"2011-04-30T16:36:44","modified_gmt":"2011-04-30T20:36:44","slug":"previsao-climatica-do-trimestre-maio-a-julho-2011","status":"publish","type":"post","link":"https:\/\/migracao.redenoticia.com.br\/noticia\/2011\/previsao-climatica-do-trimestre-maio-a-julho-2011\/34879","title":{"rendered":"Previs\u00e3o clim\u00e1tica do trimestre maio a julho 2011"},"content":{"rendered":"<p><img loading=\"lazy\" decoding=\"async\" class=\"alignleft size-full wp-image-28411\" title=\"previsao trimestre tempo clima\" src=\"https:\/\/migracao.redenoticia.com.br\/noticia\/imagens\/previsao-trimestre-tempo-clima.jpg\" alt=\"\" width=\"300\" height=\"193\" srcset=\"https:\/\/migracao.redenoticia.com.br\/noticia\/imagens\/previsao-trimestre-tempo-clima.jpg 300w, https:\/\/migracao.redenoticia.com.br\/noticia\/imagens\/previsao-trimestre-tempo-clima-250x160.jpg 250w, https:\/\/migracao.redenoticia.com.br\/noticia\/imagens\/previsao-trimestre-tempo-clima-150x96.jpg 150w\" sizes=\"auto, (max-width: 300px) 100vw, 300px\" \/>A <strong><em>previs\u00e3o clim\u00e1tica<\/em><\/strong> de consenso para o<strong><em> trimestre <\/em><\/strong>maio a julho de 2011 (MJJ\/2011) indica maior probabilidade de chuvas na categoria acima da normal climatol\u00f3gica para o norte das Regi\u00f5es Norte e Nordeste do Brasil. Esta previs\u00e3o tamb\u00e9m se estende para o leste da Regi\u00e3o Nordeste. Para a Regi\u00e3o Sul, as chuvas est\u00e3o previstas em torno da normal, por\u00e9m com grande variabilidade espacial e temporal ao longo deste trimestre, especialmente nos setores central e oeste, onde os valores ainda podem refletir num padr\u00e3o ligeiramente abaixo da normal climatol\u00f3gica. Nas demais \u00e1reas do Brasil, a categoria prevista como mais prov\u00e1vel \u00e9 de chuvas em torno da normal climatol\u00f3gica. \u00c9 importante mencionar, contudo, a diminui\u00e7\u00e3o climatol\u00f3gica que ocorre na distribui\u00e7\u00e3o das chuvas sobre as Regi\u00f5es Centro-Oeste e Sudeste do Brasil no final do outono e in\u00edcio do inverno. A previs\u00e3o de temperaturas aponta para valores em torno ou ligeiramente acima da normal climatol\u00f3gica na maior parte do Brasil, mantendo-se a tend\u00eancia de incurs\u00e3o de massas de ar frio mais intensas intercaladas por per\u00edodos menos frios na Regi\u00e3o Sul e a menor amplitude entre valores m\u00e1ximos e m\u00ednimos de temperatura no leste do Nordeste e no extremo norte do Brasil, onde a previs\u00e3o \u00e9 de chuvas na categoria acima do normal climatol\u00f3gica.<\/p>\n<p>Previs\u00e3o Clim\u00e1tica do Trimestre Maio a Julho 2011 nas regi\u00f5es do Brasil:<\/p>\n<p>Norte: Chuva- acima da normal climatol\u00f3gica no norte da Regi\u00e3o. Nas demais \u00e1reas, a previs\u00e3o \u00e9 de chuvas em torno da normal climatol\u00f3gica. Temperatura &#8211; variando de normal a acima da climatol\u00f3gica.<\/p>\n<p>Nordeste: Chuva- acima da normal climatol\u00f3gica na faixa que se estende do norte do Maranh\u00e3o ao leste da Bahia. Nas demais \u00e1reas, a previs\u00e3o \u00e9 de chuvas em torno da normal climatol\u00f3gica. Fica mantida a grande irregularidade na distribui\u00e7\u00e3o das chuvas no decorrer deste trimestre. Temperatura &#8211; variando de normal a acima da climatol\u00f3gica, com menor amplitude entre valores m\u00e1ximos e m\u00ednimos.<\/p>\n<p>Centro-Oeste: Chuva &#8211; em torno da normal climatol\u00f3gica, com destaque para a diminui\u00e7\u00e3o climatol\u00f3gica das chuvas ao longo deste trimestre. Temperatura &#8211; variando de normal a acima da climatol\u00f3gica.<\/p>\n<p>Sudeste: Chuva- em torno da normal climatol\u00f3gica, com destaque para a diminui\u00e7\u00e3o climatol\u00f3gica das chuvas ao longo deste trimestre. Temperatura &#8211; variando de normal a acima da climatol\u00f3gica.<\/p>\n<p>Sul: Chuva- ligeiramente abaixo da normal climatol\u00f3gica no oeste da Regi\u00e3o. Temperatura &#8211; em torno da normal climatol\u00f3gica, com possibilidade de grande variabilidade temporal no decorrer deste trimestre.<\/p>\n<p>Previs\u00e3o Clim\u00e1tica do Trimestre CPTEC INPE<\/p>\n","protected":false},"excerpt":{"rendered":"<p>A previs\u00e3o clim\u00e1tica de consenso para o trimestre maio a julho de 2011 (MJJ\/2011) indica maior probabilidade de chuvas na categoria acima da normal climatol\u00f3gica para o norte das Regi\u00f5es Norte e Nordeste do Brasil. Esta previs\u00e3o tamb\u00e9m se estende para o leste da Regi\u00e3o Nordeste. Para a Regi\u00e3o Sul, as chuvas est\u00e3o previstas em [&hellip;]<\/p>\n","protected":false},"author":3,"featured_media":28411,"comment_status":"open","ping_status":"open","sticky":false,"template":"","format":"standard","meta":{"tdm_status":"","tdm_grid_status":"","footnotes":""},"categories":[22,327,376],"tags":[],"class_list":{"0":"post-34879","1":"post","2":"type-post","3":"status-publish","4":"format-standard","5":"has-post-thumbnail","7":"category-brasil","8":"category-clima","9":"category-clima-brasil"},"_links":{"self":[{"href":"https:\/\/migracao.redenoticia.com.br\/noticia\/wp-json\/wp\/v2\/posts\/34879","targetHints":{"allow":["GET"]}}],"collection":[{"href":"https:\/\/migracao.redenoticia.com.br\/noticia\/wp-json\/wp\/v2\/posts"}],"about":[{"href":"https:\/\/migracao.redenoticia.com.br\/noticia\/wp-json\/wp\/v2\/types\/post"}],"author":[{"embeddable":true,"href":"https:\/\/migracao.redenoticia.com.br\/noticia\/wp-json\/wp\/v2\/users\/3"}],"replies":[{"embeddable":true,"href":"https:\/\/migracao.redenoticia.com.br\/noticia\/wp-json\/wp\/v2\/comments?post=34879"}],"version-history":[{"count":0,"href":"https:\/\/migracao.redenoticia.com.br\/noticia\/wp-json\/wp\/v2\/posts\/34879\/revisions"}],"wp:featuredmedia":[{"embeddable":true,"href":"https:\/\/migracao.redenoticia.com.br\/noticia\/wp-json\/wp\/v2\/media\/28411"}],"wp:attachment":[{"href":"https:\/\/migracao.redenoticia.com.br\/noticia\/wp-json\/wp\/v2\/media?parent=34879"}],"wp:term":[{"taxonomy":"category","embeddable":true,"href":"https:\/\/migracao.redenoticia.com.br\/noticia\/wp-json\/wp\/v2\/categories?post=34879"},{"taxonomy":"post_tag","embeddable":true,"href":"https:\/\/migracao.redenoticia.com.br\/noticia\/wp-json\/wp\/v2\/tags?post=34879"}],"curies":[{"name":"wp","href":"https:\/\/api.w.org\/{rel}","templated":true}]}}